{"id":7530,"date":"2023-02-15T10:50:14","date_gmt":"2023-02-15T13:50:14","guid":{"rendered":"https:\/\/radioparquecde.com\/?p=7530"},"modified":"2023-02-15T10:50:15","modified_gmt":"2023-02-15T13:50:15","slug":"agricultor-fallecio-tras-sufrir-aparatoso-vuelco","status":"publish","type":"post","link":"https:\/\/radioparquecde.com\/index.php\/2023\/02\/15\/agricultor-fallecio-tras-sufrir-aparatoso-vuelco\/","title":{"rendered":"Agricultor falleci\u00f3 tras sufrir aparatoso vuelco"},"content":{"rendered":"\n<figure class=\"wp-block-image size-large\"><img loading=\"lazy\" decoding=\"async\" width=\"1024\" height=\"1019\" src=\"https:\/\/radioparquecde.com\/wp-content\/uploads\/2023\/02\/330967375_2313320472183445_3756309380006224257_n-1024x1019.jpg\" alt=\"\" class=\"wp-image-7532\" srcset=\"https:\/\/radioparquecde.com\/wp-content\/uploads\/2023\/02\/330967375_2313320472183445_3756309380006224257_n-1024x1019.jpg 1024w, https:\/\/radioparquecde.com\/wp-content\/uploads\/2023\/02\/330967375_2313320472183445_3756309380006224257_n-300x300.jpg 300w, https:\/\/radioparquecde.com\/wp-content\/uploads\/2023\/02\/330967375_2313320472183445_3756309380006224257_n-150x150.jpg 150w, https:\/\/radioparquecde.com\/wp-content\/uploads\/2023\/02\/330967375_2313320472183445_3756309380006224257_n-768x764.jpg 768w, https:\/\/radioparquecde.com\/wp-content\/uploads\/2023\/02\/330967375_2313320472183445_3756309380006224257_n.jpg 1200w\" sizes=\"auto, (max-width: 1024px) 100vw, 1024px\" \/><\/figure>\n\n\n\n<p>SANTA FE DEL PARAN\u00c1. Un agricultor de nacionalidad brasile\u00f1a sufri\u00f3 un aparatoso vuelco de veh\u00edculo y falleci\u00f3 mientras era trasladado a un centro asistencial. <\/p>\n\n\n\n<p>El productor se encontraba solo al momento del sufrir el percance, cuyas circunstancias a\u00fan son desconocidas por las autoridades. <\/p>\n\n\n\n<p>El accidente con saldo fatal se registr\u00f3 el martes a las 11:15h sobre el camino asfaltado entre este distrito y la colonia Pikyry, a la altura de la entrada a Gleba 3.<br>La subcomisar\u00eda 8va de la colonia Pikyry inform\u00f3 sobre el fallecimiento del agricultor brasile\u00f1o Marcio Jos\u00e9 Mariano (42), que resid\u00eda en vida en el casco urbano de Santa Fe del Paran\u00e1. <\/p>\n\n\n\n<p>El extranjero conduc\u00eda una camioneta Kia Sportage cuando por motivos desconocidos perdi\u00f3 la direcci\u00f3n y volc\u00f3 aparatosamente al costado, sufriendo lesiones de gravedad.<br>Bomberos voluntarios llegaron al lugar del accidente minutos despu\u00e9s y encontraron a Mariano en estado grave, pero todav\u00eda con signos vitales. Inmediatamente lo alzaron a la ambulancia para trasladarlo al centro de salud m\u00e1s cercano, pero desafortunadamente no resisti\u00f3 y falleci\u00f3 en el trayecto. <\/p>\n\n\n\n<p>La Fiscal\u00eda de Hernandarias y la Polic\u00eda Nacional tomaron intervenci\u00f3n para determinar las causas del percance.<\/p>\n","protected":false},"excerpt":{"rendered":"<p>SANTA FE DEL PARAN\u00c1. Un agricultor de nacionalidad brasile\u00f1a sufri\u00f3 un aparatoso vuelco de veh\u00edculo&#8230;<\/p>\n","protected":false},"author":3,"featured_media":7533,"comment_status":"closed","ping_status":"closed","sticky":false,"template":"","format":"standard","meta":{"footnotes":""},"categories":[48,6],"tags":[],"class_list":["post-7530","post","type-post","status-publish","format-standard","has-post-thumbnail","hentry","category-alto-parana","category-noticias"],"featured_image_urls":{"full":["https:\/\/radioparquecde.com\/wp-content\/uploads\/2023\/02\/330967375_2313320472183445_3756309380006224257_n-1.jpg",1200,1194,false],"thumbnail":["https:\/\/radioparquecde.com\/wp-content\/uploads\/2023\/02\/330967375_2313320472183445_3756309380006224257_n-1-150x150.jpg",150,150,true],"medium":["https:\/\/radioparquecde.com\/wp-content\/uploads\/2023\/02\/330967375_2313320472183445_3756309380006224257_n-1-300x300.jpg",300,300,true],"medium_large":["https:\/\/radioparquecde.com\/wp-content\/uploads\/2023\/02\/330967375_2313320472183445_3756309380006224257_n-1-768x764.jpg",640,637,true],"large":["https:\/\/radioparquecde.com\/wp-content\/uploads\/2023\/02\/330967375_2313320472183445_3756309380006224257_n-1-1024x1019.jpg",640,637,true],"1536x1536":["https:\/\/radioparquecde.com\/wp-content\/uploads\/2023\/02\/330967375_2313320472183445_3756309380006224257_n-1.jpg",1200,1194,false],"2048x2048":["https:\/\/radioparquecde.com\/wp-content\/uploads\/2023\/02\/330967375_2313320472183445_3756309380006224257_n-1.jpg",1200,1194,false],"newsphere-slider-full":["https:\/\/radioparquecde.com\/wp-content\/uploads\/2023\/02\/330967375_2313320472183445_3756309380006224257_n-1-1200x720.jpg",1200,720,true],"newsphere-featured":["https:\/\/radioparquecde.com\/wp-content\/uploads\/2023\/02\/330967375_2313320472183445_3756309380006224257_n-1-1024x1019.jpg",1024,1019,true],"newsphere-medium":["https:\/\/radioparquecde.com\/wp-content\/uploads\/2023\/02\/330967375_2313320472183445_3756309380006224257_n-1-720x380.jpg",720,380,true]},"author_info":{"display_name":"Editor","author_link":"https:\/\/radioparquecde.com\/index.php\/author\/editor\/"},"category_info":"<a href=\"https:\/\/radioparquecde.com\/index.php\/category\/alto-parana\/\" rel=\"category tag\">ALTO PARAN\u00c1<\/a> <a href=\"https:\/\/radioparquecde.com\/index.php\/category\/noticias\/\" rel=\"category tag\">Noticias<\/a>","tag_info":"Noticias","comment_count":"0","_links":{"self":[{"href":"https:\/\/radioparquecde.com\/index.php\/wp-json\/wp\/v2\/posts\/7530","targetHints":{"allow":["GET"]}}],"collection":[{"href":"https:\/\/radioparquecde.com\/index.php\/wp-json\/wp\/v2\/posts"}],"about":[{"href":"https:\/\/radioparquecde.com\/index.php\/wp-json\/wp\/v2\/types\/post"}],"author":[{"embeddable":true,"href":"https:\/\/radioparquecde.com\/index.php\/wp-json\/wp\/v2\/users\/3"}],"replies":[{"embeddable":true,"href":"https:\/\/radioparquecde.com\/index.php\/wp-json\/wp\/v2\/comments?post=7530"}],"version-history":[{"count":1,"href":"https:\/\/radioparquecde.com\/index.php\/wp-json\/wp\/v2\/posts\/7530\/revisions"}],"predecessor-version":[{"id":7534,"href":"https:\/\/radioparquecde.com\/index.php\/wp-json\/wp\/v2\/posts\/7530\/revisions\/7534"}],"wp:featuredmedia":[{"embeddable":true,"href":"https:\/\/radioparquecde.com\/index.php\/wp-json\/wp\/v2\/media\/7533"}],"wp:attachment":[{"href":"https:\/\/radioparquecde.com\/index.php\/wp-json\/wp\/v2\/media?parent=7530"}],"wp:term":[{"taxonomy":"category","embeddable":true,"href":"https:\/\/radioparquecde.com\/index.php\/wp-json\/wp\/v2\/categories?post=7530"},{"taxonomy":"post_tag","embeddable":true,"href":"https:\/\/radioparquecde.com\/index.php\/wp-json\/wp\/v2\/tags?post=7530"}],"curies":[{"name":"wp","href":"https:\/\/api.w.org\/{rel}","templated":true}]}}