{"id":7543,"date":"2023-02-21T08:28:48","date_gmt":"2023-02-21T11:28:48","guid":{"rendered":"https:\/\/radioparquecde.com\/?p=7543"},"modified":"2023-02-21T08:28:49","modified_gmt":"2023-02-21T11:28:49","slug":"abuelo-pedofilo-fue-reventado-a-golpes-por-un-grupo-de-vecinos","status":"publish","type":"post","link":"https:\/\/radioparquecde.com\/index.php\/2023\/02\/21\/abuelo-pedofilo-fue-reventado-a-golpes-por-un-grupo-de-vecinos\/","title":{"rendered":"Abuelo ped\u00f3filo fue \u201creventado\u201d a golpes por un grupo de vecinos"},"content":{"rendered":"\n<p>El abuelo que fue denunciado por emborrachar y abusar sexualmente de su propio nieto fue capturado por un grupo de vecinos quienes con sangre en los ojos le propinaron una tremenda paliza. <\/p>\n\n\n\n<p>El ped\u00f3filo, que ya contaba con antecedentes por abuso sexual en ni\u00f1os, sufri\u00f3 lesiones en pr\u00e1cticamente todo el cuerpo y los polic\u00edas tuvieron que llevarlo a un centro asistencial antes de meterlo dentro de una celda. <\/p>\n\n\n\n<p>La aprehensi\u00f3n del mismo se produjo el domingo a las 21:45 horas en el asentamiento Monday Poty del Km 11 Monday.<\/p>\n\n\n\n<figure class=\"wp-block-image size-full\"><img loading=\"lazy\" decoding=\"async\" width=\"947\" height=\"699\" src=\"https:\/\/radioparquecde.com\/wp-content\/uploads\/2023\/02\/332311389_1820956244950422_3348897880523660893_n.jpg\" alt=\"\" class=\"wp-image-7545\" srcset=\"https:\/\/radioparquecde.com\/wp-content\/uploads\/2023\/02\/332311389_1820956244950422_3348897880523660893_n.jpg 947w, https:\/\/radioparquecde.com\/wp-content\/uploads\/2023\/02\/332311389_1820956244950422_3348897880523660893_n-300x221.jpg 300w, https:\/\/radioparquecde.com\/wp-content\/uploads\/2023\/02\/332311389_1820956244950422_3348897880523660893_n-768x567.jpg 768w\" sizes=\"auto, (max-width: 947px) 100vw, 947px\" \/><\/figure>\n\n\n\n<p>La subcomisar\u00eda 56 inform\u00f3 sobre la aprehensi\u00f3n de F.L.A. (51), que ese mismo d\u00eda fue denunciado por abusar sexualmente de su nieto de 9 a\u00f1os, quien es hijo de su hija. <\/p>\n\n\n\n<p>Luego de tomar conocimiento de lo que hab\u00eda sucedido, los padres del ni\u00f1o y una treintena de vecinos salieron en busca del abuelo abusador en el mencionado horario lograron ubicarlo en la calle.<\/p>\n\n\n\n<p>Los vecinos del asentamiento no tuvieron piedad del ped\u00f3filo y le propinaron una tremenda paliza como correctivo. Cuando polic\u00edas llegaron al sitio encontraron al pervertido tendido en el suelo y rodeado por una turba, mientras gem\u00eda de dolor y ped\u00eda ayuda. <\/p>\n\n\n\n<p>El mismo ten\u00eda el rostro desfigurado a golpes, as\u00ed como lesiones en la cabeza, las piernas y los brazos. Los uniformados lo alzaron a la patrullera y lo derivaron a centro asistencial antes de encerrarlo.<\/p>\n\n\n\n<p><\/p>\n\n\n\n<p>Seg\u00fan la denuncia, el abuelo ped\u00f3filo abus\u00f3 de su nieto de 9 a\u00f1os en la madrugada del domingo, aprovechando que el menor fue dejado en su casa para pasar el d\u00eda. <\/p>\n\n\n\n<p>El peque\u00f1o regres\u00f3 a su casa con un comportamiento raro, lo que llam\u00f3 la atenci\u00f3n de sus padres. Con temor, cont\u00f3 que su abuelo le hab\u00eda dado de beber ca\u00f1a para emborracharlo y que cuando se acost\u00f3 para dormir abus\u00f3 de \u00e9l por la v\u00eda anal.<\/p>\n\n\n\n<p>El pervertido hab\u00eda abandonado la c\u00e1rcel a finales de noviembre de 2022, justamente luego de compurgar una pena por abuso sexual en ni\u00f1os. El nuevo caso es investigado por la fiscal Denise Duarte.<\/p>\n","protected":false},"excerpt":{"rendered":"<p>El abuelo que fue denunciado por emborrachar y abusar sexualmente de su propio nieto fue&#8230;<\/p>\n","protected":false},"author":3,"featured_media":7546,"comment_status":"closed","ping_status":"closed","sticky":false,"template":"","format":"standard","meta":{"footnotes":""},"categories":[48,6],"tags":[],"class_list":["post-7543","post","type-post","status-publish","format-standard","has-post-thumbnail","hentry","category-alto-parana","category-noticias"],"featured_image_urls":{"full":["https:\/\/radioparquecde.com\/wp-content\/uploads\/2023\/02\/332311389_1820956244950422_3348897880523660893_n-1.jpg",947,699,false],"thumbnail":["https:\/\/radioparquecde.com\/wp-content\/uploads\/2023\/02\/332311389_1820956244950422_3348897880523660893_n-1-150x150.jpg",150,150,true],"medium":["https:\/\/radioparquecde.com\/wp-content\/uploads\/2023\/02\/332311389_1820956244950422_3348897880523660893_n-1-300x221.jpg",300,221,true],"medium_large":["https:\/\/radioparquecde.com\/wp-content\/uploads\/2023\/02\/332311389_1820956244950422_3348897880523660893_n-1-768x567.jpg",640,473,true],"large":["https:\/\/radioparquecde.com\/wp-content\/uploads\/2023\/02\/332311389_1820956244950422_3348897880523660893_n-1.jpg",640,472,false],"1536x1536":["https:\/\/radioparquecde.com\/wp-content\/uploads\/2023\/02\/332311389_1820956244950422_3348897880523660893_n-1.jpg",947,699,false],"2048x2048":["https:\/\/radioparquecde.com\/wp-content\/uploads\/2023\/02\/332311389_1820956244950422_3348897880523660893_n-1.jpg",947,699,false],"newsphere-slider-full":["https:\/\/radioparquecde.com\/wp-content\/uploads\/2023\/02\/332311389_1820956244950422_3348897880523660893_n-1.jpg",947,699,false],"newsphere-featured":["https:\/\/radioparquecde.com\/wp-content\/uploads\/2023\/02\/332311389_1820956244950422_3348897880523660893_n-1.jpg",947,699,false],"newsphere-medium":["https:\/\/radioparquecde.com\/wp-content\/uploads\/2023\/02\/332311389_1820956244950422_3348897880523660893_n-1-720x380.jpg",720,380,true]},"author_info":{"display_name":"Editor","author_link":"https:\/\/radioparquecde.com\/index.php\/author\/editor\/"},"category_info":"<a href=\"https:\/\/radioparquecde.com\/index.php\/category\/alto-parana\/\" rel=\"category tag\">ALTO PARAN\u00c1<\/a> <a href=\"https:\/\/radioparquecde.com\/index.php\/category\/noticias\/\" rel=\"category tag\">Noticias<\/a>","tag_info":"Noticias","comment_count":"0","_links":{"self":[{"href":"https:\/\/radioparquecde.com\/index.php\/wp-json\/wp\/v2\/posts\/7543","targetHints":{"allow":["GET"]}}],"collection":[{"href":"https:\/\/radioparquecde.com\/index.php\/wp-json\/wp\/v2\/posts"}],"about":[{"href":"https:\/\/radioparquecde.com\/index.php\/wp-json\/wp\/v2\/types\/post"}],"author":[{"embeddable":true,"href":"https:\/\/radioparquecde.com\/index.php\/wp-json\/wp\/v2\/users\/3"}],"replies":[{"embeddable":true,"href":"https:\/\/radioparquecde.com\/index.php\/wp-json\/wp\/v2\/comments?post=7543"}],"version-history":[{"count":1,"href":"https:\/\/radioparquecde.com\/index.php\/wp-json\/wp\/v2\/posts\/7543\/revisions"}],"predecessor-version":[{"id":7547,"href":"https:\/\/radioparquecde.com\/index.php\/wp-json\/wp\/v2\/posts\/7543\/revisions\/7547"}],"wp:featuredmedia":[{"embeddable":true,"href":"https:\/\/radioparquecde.com\/index.php\/wp-json\/wp\/v2\/media\/7546"}],"wp:attachment":[{"href":"https:\/\/radioparquecde.com\/index.php\/wp-json\/wp\/v2\/media?parent=7543"}],"wp:term":[{"taxonomy":"category","embeddable":true,"href":"https:\/\/radioparquecde.com\/index.php\/wp-json\/wp\/v2\/categories?post=7543"},{"taxonomy":"post_tag","embeddable":true,"href":"https:\/\/radioparquecde.com\/index.php\/wp-json\/wp\/v2\/tags?post=7543"}],"curies":[{"name":"wp","href":"https:\/\/api.w.org\/{rel}","templated":true}]}}