{"id":7629,"date":"2023-02-24T08:29:44","date_gmt":"2023-02-24T11:29:44","guid":{"rendered":"https:\/\/radioparquecde.com\/?p=7629"},"modified":"2023-02-24T08:29:45","modified_gmt":"2023-02-24T11:29:45","slug":"un-joven-estudiante-perdio-la-vida-en-un-accidente-de-transito-al-salir-de-su-colegio-de-la-zona-de-pirapey-km-65-distrito-de-edelira-departamento-de-itapua","status":"publish","type":"post","link":"https:\/\/radioparquecde.com\/index.php\/2023\/02\/24\/un-joven-estudiante-perdio-la-vida-en-un-accidente-de-transito-al-salir-de-su-colegio-de-la-zona-de-pirapey-km-65-distrito-de-edelira-departamento-de-itapua\/","title":{"rendered":"Un joven estudiante perdi\u00f3 la vida en un accidente de tr\u00e1nsito al salir de su colegio de la zona de Pirapey, km. 65, distrito de Edelira, Departamento de Itap\u00faa."},"content":{"rendered":"\n<p>Se trata de un adolescente de 17 a\u00f1os, alumno del tercer curso turno tarde,<br>del Colegio Nacional Mariscal Jos\u00e9 Felix Estigarribia de Pirapey, km. 65, del<br>distrito de Edelira, Departamento de Itap\u00faa. Tambi\u00e9n result\u00f3 con lesiones una<br>adolescente de 16 a\u00f1os. Ambos afectados son del asentamiento San Jorge,<br>del distrito de Edelira.<\/p>\n\n\n\n<figure class=\"wp-block-image size-full\"><img loading=\"lazy\" decoding=\"async\" width=\"730\" height=\"538\" src=\"https:\/\/radioparquecde.com\/wp-content\/uploads\/2023\/02\/pirapey.webp\" alt=\"\" class=\"wp-image-7631\" srcset=\"https:\/\/radioparquecde.com\/wp-content\/uploads\/2023\/02\/pirapey.webp 730w, https:\/\/radioparquecde.com\/wp-content\/uploads\/2023\/02\/pirapey-300x221.webp 300w\" sizes=\"auto, (max-width: 730px) 100vw, 730px\" \/><\/figure>\n\n\n\n<p>El hecho se produjo alrededor de las 17.00 de este jueves, en la zona de<br>Pirapey, km. 70, Edelira, Itap\u00faa, en circunstancias a\u00fan no determinadas,<br>cuando el joven, al mando de su motocicleta, junto a la compa\u00f1era, fue<br>embestido violentamente por un tracto cami\u00f3n Scania que circulaba en sentido<br>contrario.<br>Lamentablemente, el joven perdi\u00f3 la vida en el acto y su acompa\u00f1ante sufri\u00f3<br>graves lesiones y fue auxiliada por bomberos que la trasladaron al Hospital<br>Distrital de Mar\u00eda Auxiliadora.<br>De acuerdo a los primeros datos, los estudiantes salieron de la instituci\u00f3n en<br>medio de una tormenta que se precipitaba en ese momento y fueron<br>embestidos por el cami\u00f3n. El joven de 17 a\u00f1os falleci\u00f3 instant\u00e1neamente,<br>mientras que la alumna habr\u00eda sufrido la fractura de una pierna, y est\u00e1 siendo<br>asistida en el hospital para ser sometida a una cirug\u00eda.<br>De acuerdo al reporte de la Comisar\u00eda 86\u00b0 Pirapey, km. 58, de Edelira, el<br>cami\u00f3n Scania, color verde, modelo R420, con chapa AAGX065, era guiado<br>por el ciudadano brasile\u00f1o Rude Almir Weber, de 57 a\u00f1os, domiciliado en el<br>distrito de Tomas Romero Pereira.<br>Intervinieron en el fatal suceso Bomberos Voluntarios de Pirapey, km. 45,<br>personal policial de la comisar\u00eda jurisdiccional, funcionario del Ministerio<br>P\u00fablico y el m\u00e9dico forense que tuvo a su cargo el procedimiento de rigor y el<br>levantamiento del cad\u00e1ver<\/p>\n\n\n\n<p>Fuente: UH.<\/p>\n","protected":false},"excerpt":{"rendered":"<p>Se trata de un adolescente de 17 a\u00f1os, alumno del tercer curso turno tarde,del Colegio&#8230;<\/p>\n","protected":false},"author":3,"featured_media":7632,"comment_status":"closed","ping_status":"closed","sticky":false,"template":"","format":"standard","meta":{"footnotes":""},"categories":[2,6],"tags":[],"class_list":["post-7629","post","type-post","status-publish","format-standard","has-post-thumbnail","hentry","category-destacadas","category-noticias"],"featured_image_urls":{"full":["https:\/\/radioparquecde.com\/wp-content\/uploads\/2023\/02\/pirapey-1.webp",730,538,false],"thumbnail":["https:\/\/radioparquecde.com\/wp-content\/uploads\/2023\/02\/pirapey-1-150x150.webp",150,150,true],"medium":["https:\/\/radioparquecde.com\/wp-content\/uploads\/2023\/02\/pirapey-1-300x221.webp",300,221,true],"medium_large":["https:\/\/radioparquecde.com\/wp-content\/uploads\/2023\/02\/pirapey-1.webp",640,472,false],"large":["https:\/\/radioparquecde.com\/wp-content\/uploads\/2023\/02\/pirapey-1.webp",640,472,false],"1536x1536":["https:\/\/radioparquecde.com\/wp-content\/uploads\/2023\/02\/pirapey-1.webp",730,538,false],"2048x2048":["https:\/\/radioparquecde.com\/wp-content\/uploads\/2023\/02\/pirapey-1.webp",730,538,false],"newsphere-slider-full":["https:\/\/radioparquecde.com\/wp-content\/uploads\/2023\/02\/pirapey-1.webp",730,538,false],"newsphere-featured":["https:\/\/radioparquecde.com\/wp-content\/uploads\/2023\/02\/pirapey-1.webp",730,538,false],"newsphere-medium":["https:\/\/radioparquecde.com\/wp-content\/uploads\/2023\/02\/pirapey-1-720x380.webp",720,380,true]},"author_info":{"display_name":"Editor","author_link":"https:\/\/radioparquecde.com\/index.php\/author\/editor\/"},"category_info":"<a href=\"https:\/\/radioparquecde.com\/index.php\/category\/noticias\/destacadas\/\" rel=\"category tag\">Destacadas<\/a> <a href=\"https:\/\/radioparquecde.com\/index.php\/category\/noticias\/\" rel=\"category tag\">Noticias<\/a>","tag_info":"Noticias","comment_count":"0","_links":{"self":[{"href":"https:\/\/radioparquecde.com\/index.php\/wp-json\/wp\/v2\/posts\/7629","targetHints":{"allow":["GET"]}}],"collection":[{"href":"https:\/\/radioparquecde.com\/index.php\/wp-json\/wp\/v2\/posts"}],"about":[{"href":"https:\/\/radioparquecde.com\/index.php\/wp-json\/wp\/v2\/types\/post"}],"author":[{"embeddable":true,"href":"https:\/\/radioparquecde.com\/index.php\/wp-json\/wp\/v2\/users\/3"}],"replies":[{"embeddable":true,"href":"https:\/\/radioparquecde.com\/index.php\/wp-json\/wp\/v2\/comments?post=7629"}],"version-history":[{"count":1,"href":"https:\/\/radioparquecde.com\/index.php\/wp-json\/wp\/v2\/posts\/7629\/revisions"}],"predecessor-version":[{"id":7633,"href":"https:\/\/radioparquecde.com\/index.php\/wp-json\/wp\/v2\/posts\/7629\/revisions\/7633"}],"wp:featuredmedia":[{"embeddable":true,"href":"https:\/\/radioparquecde.com\/index.php\/wp-json\/wp\/v2\/media\/7632"}],"wp:attachment":[{"href":"https:\/\/radioparquecde.com\/index.php\/wp-json\/wp\/v2\/media?parent=7629"}],"wp:term":[{"taxonomy":"category","embeddable":true,"href":"https:\/\/radioparquecde.com\/index.php\/wp-json\/wp\/v2\/categories?post=7629"},{"taxonomy":"post_tag","embeddable":true,"href":"https:\/\/radioparquecde.com\/index.php\/wp-json\/wp\/v2\/tags?post=7629"}],"curies":[{"name":"wp","href":"https:\/\/api.w.org\/{rel}","templated":true}]}}