{"id":7634,"date":"2023-02-24T08:35:30","date_gmt":"2023-02-24T11:35:30","guid":{"rendered":"https:\/\/radioparquecde.com\/?p=7634"},"modified":"2023-02-24T08:35:31","modified_gmt":"2023-02-24T11:35:31","slug":"solo-se-pidio-permiso-para-serenata-dice-ministro-de-justicia","status":"publish","type":"post","link":"https:\/\/radioparquecde.com\/index.php\/2023\/02\/24\/solo-se-pidio-permiso-para-serenata-dice-ministro-de-justicia\/","title":{"rendered":"\u00abSolo se pidi\u00f3 permiso para serenata\u00bb, dice ministro de Justicia"},"content":{"rendered":"\n<p>El ministro de Justicia, Daniel Ben\u00edtez, explic\u00f3 que se pidi\u00f3 permiso para una serenata en la Penitenciar\u00eda Nacional de Tacumb\u00fa, pero desconoc\u00eda que se trataba de una fiesta por el cumplea\u00f1os de un supuesto narco vinculado al atentado del Ja&#8217;umina Fest en San Bernardino.<\/p>\n\n\n\n<p>Ben\u00edtez detall\u00f3 que el festejo, que fue animado por la cantante Mily Br\u00edtez, se realiz\u00f3 detr\u00e1s de un sal\u00f3n auditorio que habitualmente es utilizado para actividades de recreaci\u00f3n para los reclusos.<\/p>\n\n\n\n<p>Igualmente, explic\u00f3 que el ahora ex director de Tacumb\u00fa, Antonio Amarilla, le manifest\u00f3 que la cantante ingres\u00f3 con permiso para una serenata y asegur\u00f3 que desconoc\u00eda que se trataba de una fiesta de cumplea\u00f1os.<\/p>\n\n\n\n<figure class=\"wp-block-image size-full\"><img loading=\"lazy\" decoding=\"async\" width=\"422\" height=\"730\" src=\"https:\/\/radioparquecde.com\/wp-content\/uploads\/2023\/02\/ex-cachorrita-ropero-mejorado-2jpeg.webp\" alt=\"\" class=\"wp-image-7636\" srcset=\"https:\/\/radioparquecde.com\/wp-content\/uploads\/2023\/02\/ex-cachorrita-ropero-mejorado-2jpeg.webp 422w, https:\/\/radioparquecde.com\/wp-content\/uploads\/2023\/02\/ex-cachorrita-ropero-mejorado-2jpeg-173x300.webp 173w\" sizes=\"auto, (max-width: 422px) 100vw, 422px\" \/><\/figure>\n\n\n\n<p>\u00abSe pidi\u00f3 una autorizaci\u00f3n para una serenata, pero no se dijo que era para el cumplea\u00f1os de Milciades Pedra G\u00f3mez\u201d, puntualiz\u00f3. Adem\u00e1s, indic\u00f3 que el festejo dur\u00f3 aproximadamente una hora.<\/p>\n\n\n\n<p>Por el despliegue que tuvo el grupo musical, todos ingresaron por el port\u00f3n principal, como cualquier visitante, especific\u00f3 el secretario de Estado.<\/p>\n\n\n\n<p>Ben\u00edtez inform\u00f3 que participaron entre 15 y 20 internos en la fiesta y los que ingresaron para la actividad fueron los integrantes de la banda.<\/p>\n\n\n\n<p>Por otro lado, adelant\u00f3 que este viernes verificar\u00e1n las c\u00e1maras de circuito cerrado y que tambi\u00e9n comunicar\u00e1n el caso al Juzgado Especializado en Crimen Organizado, donde Pedra G\u00f3mez tiene su causa.<\/p>\n\n\n\n<p>&nbsp;El director Antonio Amarilla y el jefe de Seguridad, Isabelino Godoy, fueron destituidos de sus respectivos cargos.<\/p>\n\n\n\n<p>Ambos est\u00e1n a disposici\u00f3n de la Direcci\u00f3n General de Establecimientos Penitenciarios hasta tanto dure la intervenci\u00f3n.<\/p>\n","protected":false},"excerpt":{"rendered":"<p>El ministro de Justicia, Daniel Ben\u00edtez, explic\u00f3 que se pidi\u00f3 permiso para una serenata en&#8230;<\/p>\n","protected":false},"author":3,"featured_media":7637,"comment_status":"closed","ping_status":"closed","sticky":false,"template":"","format":"standard","meta":{"footnotes":""},"categories":[2,6],"tags":[],"class_list":["post-7634","post","type-post","status-publish","format-standard","has-post-thumbnail","hentry","category-destacadas","category-noticias"],"featured_image_urls":{"full":["https:\/\/radioparquecde.com\/wp-content\/uploads\/2023\/02\/ex-cachorrita-ropero-mejorado-2jpeg-1.webp",422,730,false],"thumbnail":["https:\/\/radioparquecde.com\/wp-content\/uploads\/2023\/02\/ex-cachorrita-ropero-mejorado-2jpeg-1-150x150.webp",150,150,true],"medium":["https:\/\/radioparquecde.com\/wp-content\/uploads\/2023\/02\/ex-cachorrita-ropero-mejorado-2jpeg-1-173x300.webp",173,300,true],"medium_large":["https:\/\/radioparquecde.com\/wp-content\/uploads\/2023\/02\/ex-cachorrita-ropero-mejorado-2jpeg-1.webp",422,730,false],"large":["https:\/\/radioparquecde.com\/wp-content\/uploads\/2023\/02\/ex-cachorrita-ropero-mejorado-2jpeg-1.webp",422,730,false],"1536x1536":["https:\/\/radioparquecde.com\/wp-content\/uploads\/2023\/02\/ex-cachorrita-ropero-mejorado-2jpeg-1.webp",422,730,false],"2048x2048":["https:\/\/radioparquecde.com\/wp-content\/uploads\/2023\/02\/ex-cachorrita-ropero-mejorado-2jpeg-1.webp",422,730,false],"newsphere-slider-full":["https:\/\/radioparquecde.com\/wp-content\/uploads\/2023\/02\/ex-cachorrita-ropero-mejorado-2jpeg-1-422x720.webp",422,720,true],"newsphere-featured":["https:\/\/radioparquecde.com\/wp-content\/uploads\/2023\/02\/ex-cachorrita-ropero-mejorado-2jpeg-1.webp",422,730,false],"newsphere-medium":["https:\/\/radioparquecde.com\/wp-content\/uploads\/2023\/02\/ex-cachorrita-ropero-mejorado-2jpeg-1-422x380.webp",422,380,true]},"author_info":{"display_name":"Editor","author_link":"https:\/\/radioparquecde.com\/index.php\/author\/editor\/"},"category_info":"<a href=\"https:\/\/radioparquecde.com\/index.php\/category\/noticias\/destacadas\/\" rel=\"category tag\">Destacadas<\/a> <a href=\"https:\/\/radioparquecde.com\/index.php\/category\/noticias\/\" rel=\"category tag\">Noticias<\/a>","tag_info":"Noticias","comment_count":"0","_links":{"self":[{"href":"https:\/\/radioparquecde.com\/index.php\/wp-json\/wp\/v2\/posts\/7634","targetHints":{"allow":["GET"]}}],"collection":[{"href":"https:\/\/radioparquecde.com\/index.php\/wp-json\/wp\/v2\/posts"}],"about":[{"href":"https:\/\/radioparquecde.com\/index.php\/wp-json\/wp\/v2\/types\/post"}],"author":[{"embeddable":true,"href":"https:\/\/radioparquecde.com\/index.php\/wp-json\/wp\/v2\/users\/3"}],"replies":[{"embeddable":true,"href":"https:\/\/radioparquecde.com\/index.php\/wp-json\/wp\/v2\/comments?post=7634"}],"version-history":[{"count":1,"href":"https:\/\/radioparquecde.com\/index.php\/wp-json\/wp\/v2\/posts\/7634\/revisions"}],"predecessor-version":[{"id":7638,"href":"https:\/\/radioparquecde.com\/index.php\/wp-json\/wp\/v2\/posts\/7634\/revisions\/7638"}],"wp:featuredmedia":[{"embeddable":true,"href":"https:\/\/radioparquecde.com\/index.php\/wp-json\/wp\/v2\/media\/7637"}],"wp:attachment":[{"href":"https:\/\/radioparquecde.com\/index.php\/wp-json\/wp\/v2\/media?parent=7634"}],"wp:term":[{"taxonomy":"category","embeddable":true,"href":"https:\/\/radioparquecde.com\/index.php\/wp-json\/wp\/v2\/categories?post=7634"},{"taxonomy":"post_tag","embeddable":true,"href":"https:\/\/radioparquecde.com\/index.php\/wp-json\/wp\/v2\/tags?post=7634"}],"curies":[{"name":"wp","href":"https:\/\/api.w.org\/{rel}","templated":true}]}}