{"id":7687,"date":"2023-02-27T08:24:10","date_gmt":"2023-02-27T11:24:10","guid":{"rendered":"https:\/\/radioparquecde.com\/?p=7687"},"modified":"2023-02-27T08:24:11","modified_gmt":"2023-02-27T11:24:11","slug":"un-albanil-fallecio-electrocutado","status":"publish","type":"post","link":"https:\/\/radioparquecde.com\/index.php\/2023\/02\/27\/un-albanil-fallecio-electrocutado\/","title":{"rendered":"Un alba\u00f1il falleci\u00f3 electrocutado"},"content":{"rendered":"\n<p>Un joven alba\u00f1il que estaba trabajando en una obra falleci\u00f3 tr\u00e1gicamente luego de recibir una descarga el\u00e9ctrica. El trabajador se encontraba usando una escalera met\u00e1lica que hizo contacto con un cable pelado. El lamentable hecho se produjo el s\u00e1bado a las 14 horas en una propiedad ubicada sobre Av. UNE, en el Km 8 Acaray.<\/p>\n\n\n\n<figure class=\"wp-block-image size-full\"><img loading=\"lazy\" decoding=\"async\" width=\"684\" height=\"643\" src=\"https:\/\/radioparquecde.com\/wp-content\/uploads\/2023\/02\/333516098_5770030169790172_4041717494710819588_n.jpg\" alt=\"\" class=\"wp-image-7689\" srcset=\"https:\/\/radioparquecde.com\/wp-content\/uploads\/2023\/02\/333516098_5770030169790172_4041717494710819588_n.jpg 684w, https:\/\/radioparquecde.com\/wp-content\/uploads\/2023\/02\/333516098_5770030169790172_4041717494710819588_n-300x282.jpg 300w\" sizes=\"auto, (max-width: 684px) 100vw, 684px\" \/><\/figure>\n\n\n\n<p>La subcomisar\u00eda 46 report\u00f3 el caso de muerte por electrocuci\u00f3n del cual result\u00f3 v\u00edctima el joven Nilson Cardozo Iriarte (22), que se desempe\u00f1aba como alba\u00f1il. <\/p>\n\n\n\n<p>El trabajador falleci\u00f3 luego de agonizar por algunos minutos, bomberos voluntarios trataron de reanimarlo pero ya se encontraba sin signos vitales.<\/p>\n\n\n\n<p>Seg\u00fan testigos, el joven estaba realizando trabajos de alba\u00f1iler\u00eda en un edificio y se encontraba sobre una escalera met\u00e1lica. Repentinamente un cable usado como alargue hizo contacto con la escalera y se produjo una descarga el\u00e9ctrica. Cardozo cay\u00f3 al suelo luego de sufrir la electrocuci\u00f3n y no resisti\u00f3. <\/p>\n\n\n\n<p>El fiscal Osvaldo Zaracho dispuso que el cad\u00e1ver sea entregado a los familiares.<\/p>\n","protected":false},"excerpt":{"rendered":"<p>Un joven alba\u00f1il que estaba trabajando en una obra falleci\u00f3 tr\u00e1gicamente luego de recibir una&#8230;<\/p>\n","protected":false},"author":3,"featured_media":7690,"comment_status":"closed","ping_status":"closed","sticky":false,"template":"","format":"standard","meta":{"footnotes":""},"categories":[48,6],"tags":[],"class_list":["post-7687","post","type-post","status-publish","format-standard","has-post-thumbnail","hentry","category-alto-parana","category-noticias"],"featured_image_urls":{"full":["https:\/\/radioparquecde.com\/wp-content\/uploads\/2023\/02\/333516098_5770030169790172_4041717494710819588_n-1.jpg",684,643,false],"thumbnail":["https:\/\/radioparquecde.com\/wp-content\/uploads\/2023\/02\/333516098_5770030169790172_4041717494710819588_n-1-150x150.jpg",150,150,true],"medium":["https:\/\/radioparquecde.com\/wp-content\/uploads\/2023\/02\/333516098_5770030169790172_4041717494710819588_n-1-300x282.jpg",300,282,true],"medium_large":["https:\/\/radioparquecde.com\/wp-content\/uploads\/2023\/02\/333516098_5770030169790172_4041717494710819588_n-1.jpg",640,602,false],"large":["https:\/\/radioparquecde.com\/wp-content\/uploads\/2023\/02\/333516098_5770030169790172_4041717494710819588_n-1.jpg",640,602,false],"1536x1536":["https:\/\/radioparquecde.com\/wp-content\/uploads\/2023\/02\/333516098_5770030169790172_4041717494710819588_n-1.jpg",684,643,false],"2048x2048":["https:\/\/radioparquecde.com\/wp-content\/uploads\/2023\/02\/333516098_5770030169790172_4041717494710819588_n-1.jpg",684,643,false],"newsphere-slider-full":["https:\/\/radioparquecde.com\/wp-content\/uploads\/2023\/02\/333516098_5770030169790172_4041717494710819588_n-1.jpg",684,643,false],"newsphere-featured":["https:\/\/radioparquecde.com\/wp-content\/uploads\/2023\/02\/333516098_5770030169790172_4041717494710819588_n-1.jpg",684,643,false],"newsphere-medium":["https:\/\/radioparquecde.com\/wp-content\/uploads\/2023\/02\/333516098_5770030169790172_4041717494710819588_n-1-684x380.jpg",684,380,true]},"author_info":{"display_name":"Editor","author_link":"https:\/\/radioparquecde.com\/index.php\/author\/editor\/"},"category_info":"<a href=\"https:\/\/radioparquecde.com\/index.php\/category\/alto-parana\/\" rel=\"category tag\">ALTO PARAN\u00c1<\/a> <a href=\"https:\/\/radioparquecde.com\/index.php\/category\/noticias\/\" rel=\"category tag\">Noticias<\/a>","tag_info":"Noticias","comment_count":"0","_links":{"self":[{"href":"https:\/\/radioparquecde.com\/index.php\/wp-json\/wp\/v2\/posts\/7687","targetHints":{"allow":["GET"]}}],"collection":[{"href":"https:\/\/radioparquecde.com\/index.php\/wp-json\/wp\/v2\/posts"}],"about":[{"href":"https:\/\/radioparquecde.com\/index.php\/wp-json\/wp\/v2\/types\/post"}],"author":[{"embeddable":true,"href":"https:\/\/radioparquecde.com\/index.php\/wp-json\/wp\/v2\/users\/3"}],"replies":[{"embeddable":true,"href":"https:\/\/radioparquecde.com\/index.php\/wp-json\/wp\/v2\/comments?post=7687"}],"version-history":[{"count":1,"href":"https:\/\/radioparquecde.com\/index.php\/wp-json\/wp\/v2\/posts\/7687\/revisions"}],"predecessor-version":[{"id":7691,"href":"https:\/\/radioparquecde.com\/index.php\/wp-json\/wp\/v2\/posts\/7687\/revisions\/7691"}],"wp:featuredmedia":[{"embeddable":true,"href":"https:\/\/radioparquecde.com\/index.php\/wp-json\/wp\/v2\/media\/7690"}],"wp:attachment":[{"href":"https:\/\/radioparquecde.com\/index.php\/wp-json\/wp\/v2\/media?parent=7687"}],"wp:term":[{"taxonomy":"category","embeddable":true,"href":"https:\/\/radioparquecde.com\/index.php\/wp-json\/wp\/v2\/categories?post=7687"},{"taxonomy":"post_tag","embeddable":true,"href":"https:\/\/radioparquecde.com\/index.php\/wp-json\/wp\/v2\/tags?post=7687"}],"curies":[{"name":"wp","href":"https:\/\/api.w.org\/{rel}","templated":true}]}}