{"id":7762,"date":"2023-03-01T10:46:57","date_gmt":"2023-03-01T13:46:57","guid":{"rendered":"https:\/\/radioparquecde.com\/?p=7762"},"modified":"2023-03-01T10:46:58","modified_gmt":"2023-03-01T13:46:58","slug":"hallan-muerto-a-un-recien-nacido-en-el-hospital-de-callei","status":"publish","type":"post","link":"https:\/\/radioparquecde.com\/index.php\/2023\/03\/01\/hallan-muerto-a-un-recien-nacido-en-el-hospital-de-callei\/","title":{"rendered":"Hallan muerto a un reci\u00e9n nacido en el Hospital de Calle&#8217;i"},"content":{"rendered":"\n<p>El Dr. Luis Pratts, Dir. del hospital, coment\u00f3 que el varoncito fue encontrado alrededor de las 07:30 en un ba\u00f1o port\u00e1til.<\/p>\n\n\n\n<p>\u00abNo le llamar\u00eda p\u00e9rdida ni aborto porque era de t\u00e9rmino, de unas 36 a 37 semanas. Se le practicar\u00e1 la autopsia para saber si naci\u00f3 con o sin vida\u00bb, asegur\u00f3.<\/p>\n\n\n\n<figure class=\"wp-block-image size-full\"><img loading=\"lazy\" decoding=\"async\" width=\"988\" height=\"642\" src=\"https:\/\/radioparquecde.com\/wp-content\/uploads\/2023\/03\/334242424_207802825244621_82083674128474889_n.png\" alt=\"\" class=\"wp-image-7764\" srcset=\"https:\/\/radioparquecde.com\/wp-content\/uploads\/2023\/03\/334242424_207802825244621_82083674128474889_n.png 988w, https:\/\/radioparquecde.com\/wp-content\/uploads\/2023\/03\/334242424_207802825244621_82083674128474889_n-300x195.png 300w, https:\/\/radioparquecde.com\/wp-content\/uploads\/2023\/03\/334242424_207802825244621_82083674128474889_n-768x499.png 768w\" sizes=\"auto, (max-width: 988px) 100vw, 988px\" \/><\/figure>\n\n\n\n<p><a><\/a>Agreg\u00f3 que presum\u00edblemente haya nacido en una cl\u00ednica clandestina y posteriormente lo dejaron en el lugar mencionado, ya que no tienen registros de pacientes embarazadas que hayan consultado con ese periodo de gestaci\u00f3n o hayan ingresado en estado de shock o desmayo.<\/p>\n\n\n\n<p>Mencion\u00f3 que revisan las c\u00e1maras de circuito cerrado a fin de determinar cu\u00e1ndo ocurri\u00f3, ya que el s\u00e1bado fue el \u00faltimo d\u00eda en el que que realizaron el mantenimiento al ba\u00f1o port\u00e1til donde lo hallaron.<\/p>\n\n\n\n<p><a href=\"https:\/\/www.facebook.com\/hashtag\/650am?__eep__=6&amp;__cft__[0]=AZWnL1vytpCEwre2HYY_ZWmUzSOKP-_3GQW1Wd47zkpy5XJx5pVW2N5-OhU_dO0PefR3Yxh2SU0zyLq2wtkTLPgk0o4XhFnZ-ofJu2mcMjClA26WGPRDbY9VllNCeYBZV0lvL7EnPFhkHznB47Yu-pdHRKRyxP07xGwglNgRcO2axQBXGPAXQa6XkdGlW_VX08E&amp;__tn__=*NK-R\">#650AM<\/a><\/p>\n","protected":false},"excerpt":{"rendered":"<p>El Dr. Luis Pratts, Dir. del hospital, coment\u00f3 que el varoncito fue encontrado alrededor de&#8230;<\/p>\n","protected":false},"author":3,"featured_media":7765,"comment_status":"closed","ping_status":"closed","sticky":false,"template":"","format":"standard","meta":{"footnotes":""},"categories":[2,6],"tags":[],"class_list":["post-7762","post","type-post","status-publish","format-standard","has-post-thumbnail","hentry","category-destacadas","category-noticias"],"featured_image_urls":{"full":["https:\/\/radioparquecde.com\/wp-content\/uploads\/2023\/03\/334242424_207802825244621_82083674128474889_n-1.png",988,642,false],"thumbnail":["https:\/\/radioparquecde.com\/wp-content\/uploads\/2023\/03\/334242424_207802825244621_82083674128474889_n-1-150x150.png",150,150,true],"medium":["https:\/\/radioparquecde.com\/wp-content\/uploads\/2023\/03\/334242424_207802825244621_82083674128474889_n-1-300x195.png",300,195,true],"medium_large":["https:\/\/radioparquecde.com\/wp-content\/uploads\/2023\/03\/334242424_207802825244621_82083674128474889_n-1-768x499.png",640,416,true],"large":["https:\/\/radioparquecde.com\/wp-content\/uploads\/2023\/03\/334242424_207802825244621_82083674128474889_n-1.png",640,416,false],"1536x1536":["https:\/\/radioparquecde.com\/wp-content\/uploads\/2023\/03\/334242424_207802825244621_82083674128474889_n-1.png",988,642,false],"2048x2048":["https:\/\/radioparquecde.com\/wp-content\/uploads\/2023\/03\/334242424_207802825244621_82083674128474889_n-1.png",988,642,false],"newsphere-slider-full":["https:\/\/radioparquecde.com\/wp-content\/uploads\/2023\/03\/334242424_207802825244621_82083674128474889_n-1.png",988,642,false],"newsphere-featured":["https:\/\/radioparquecde.com\/wp-content\/uploads\/2023\/03\/334242424_207802825244621_82083674128474889_n-1.png",988,642,false],"newsphere-medium":["https:\/\/radioparquecde.com\/wp-content\/uploads\/2023\/03\/334242424_207802825244621_82083674128474889_n-1-720x380.png",720,380,true]},"author_info":{"display_name":"Editor","author_link":"https:\/\/radioparquecde.com\/index.php\/author\/editor\/"},"category_info":"<a href=\"https:\/\/radioparquecde.com\/index.php\/category\/noticias\/destacadas\/\" rel=\"category tag\">Destacadas<\/a> <a href=\"https:\/\/radioparquecde.com\/index.php\/category\/noticias\/\" rel=\"category tag\">Noticias<\/a>","tag_info":"Noticias","comment_count":"0","_links":{"self":[{"href":"https:\/\/radioparquecde.com\/index.php\/wp-json\/wp\/v2\/posts\/7762","targetHints":{"allow":["GET"]}}],"collection":[{"href":"https:\/\/radioparquecde.com\/index.php\/wp-json\/wp\/v2\/posts"}],"about":[{"href":"https:\/\/radioparquecde.com\/index.php\/wp-json\/wp\/v2\/types\/post"}],"author":[{"embeddable":true,"href":"https:\/\/radioparquecde.com\/index.php\/wp-json\/wp\/v2\/users\/3"}],"replies":[{"embeddable":true,"href":"https:\/\/radioparquecde.com\/index.php\/wp-json\/wp\/v2\/comments?post=7762"}],"version-history":[{"count":1,"href":"https:\/\/radioparquecde.com\/index.php\/wp-json\/wp\/v2\/posts\/7762\/revisions"}],"predecessor-version":[{"id":7766,"href":"https:\/\/radioparquecde.com\/index.php\/wp-json\/wp\/v2\/posts\/7762\/revisions\/7766"}],"wp:featuredmedia":[{"embeddable":true,"href":"https:\/\/radioparquecde.com\/index.php\/wp-json\/wp\/v2\/media\/7765"}],"wp:attachment":[{"href":"https:\/\/radioparquecde.com\/index.php\/wp-json\/wp\/v2\/media?parent=7762"}],"wp:term":[{"taxonomy":"category","embeddable":true,"href":"https:\/\/radioparquecde.com\/index.php\/wp-json\/wp\/v2\/categories?post=7762"},{"taxonomy":"post_tag","embeddable":true,"href":"https:\/\/radioparquecde.com\/index.php\/wp-json\/wp\/v2\/tags?post=7762"}],"curies":[{"name":"wp","href":"https:\/\/api.w.org\/{rel}","templated":true}]}}