{"id":8035,"date":"2023-03-14T09:40:15","date_gmt":"2023-03-14T12:40:15","guid":{"rendered":"https:\/\/radioparquecde.com\/?p=8035"},"modified":"2023-03-14T09:40:16","modified_gmt":"2023-03-14T12:40:16","slug":"ambulancia-causo-accidente-fatal-sobre-la-ruta-py-02","status":"publish","type":"post","link":"https:\/\/radioparquecde.com\/index.php\/2023\/03\/14\/ambulancia-causo-accidente-fatal-sobre-la-ruta-py-02\/","title":{"rendered":"Ambulancia caus\u00f3 accidente fatal sobre la ruta PY 02"},"content":{"rendered":"\n<p>YGUAZU. Una ambulancia del Ministerio de Salud P\u00fablica se vio involucrado en un accidente que le cost\u00f3 la vida a un adolescente de 15 a\u00f1os. El percance se produjo en la tarde de ayer lunes en el Km 39 de la ruta PY 02, sentido Ciudad del Este.<\/p>\n\n\n\n<p>La <a><\/a>ambulancia del MSP que es usada por el Hospital Distrital de Pdte. Franco estaba al mando de Vicente Areco Ru\u00edz D\u00edaz (65). Adem\u00e1s se encontraban la m\u00e9dica Amalia Roa y el enfermero Dionisio Riveros.<\/p>\n\n\n\n<p>El chofer de la ambulancia dijo que el menor le sali\u00f3 al paso al tratar de cruzar la ruta en bicicleta. Aleg\u00f3 que ya no tuvo tiempo de frenar o desviar. El menor fue auxiliado en estado grave a un hospital cercano, pero no resisti\u00f3<\/p>\n\n\n\n<figure class=\"wp-block-image size-full\"><img loading=\"lazy\" decoding=\"async\" width=\"750\" height=\"647\" src=\"https:\/\/radioparquecde.com\/wp-content\/uploads\/2023\/03\/335393941_872275490724616_7975956892949930784_n.jpg\" alt=\"\" class=\"wp-image-8037\" srcset=\"https:\/\/radioparquecde.com\/wp-content\/uploads\/2023\/03\/335393941_872275490724616_7975956892949930784_n.jpg 750w, https:\/\/radioparquecde.com\/wp-content\/uploads\/2023\/03\/335393941_872275490724616_7975956892949930784_n-300x259.jpg 300w\" sizes=\"auto, (max-width: 750px) 100vw, 750px\" \/><\/figure>\n","protected":false},"excerpt":{"rendered":"<p>YGUAZU. Una ambulancia del Ministerio de Salud P\u00fablica se vio involucrado en un accidente que&#8230;<\/p>\n","protected":false},"author":3,"featured_media":8038,"comment_status":"closed","ping_status":"closed","sticky":false,"template":"","format":"standard","meta":{"footnotes":""},"categories":[48,6],"tags":[],"class_list":["post-8035","post","type-post","status-publish","format-standard","has-post-thumbnail","hentry","category-alto-parana","category-noticias"],"featured_image_urls":{"full":["https:\/\/radioparquecde.com\/wp-content\/uploads\/2023\/03\/335393941_872275490724616_7975956892949930784_n-1.jpg",750,647,false],"thumbnail":["https:\/\/radioparquecde.com\/wp-content\/uploads\/2023\/03\/335393941_872275490724616_7975956892949930784_n-1-150x150.jpg",150,150,true],"medium":["https:\/\/radioparquecde.com\/wp-content\/uploads\/2023\/03\/335393941_872275490724616_7975956892949930784_n-1-300x259.jpg",300,259,true],"medium_large":["https:\/\/radioparquecde.com\/wp-content\/uploads\/2023\/03\/335393941_872275490724616_7975956892949930784_n-1.jpg",640,552,false],"large":["https:\/\/radioparquecde.com\/wp-content\/uploads\/2023\/03\/335393941_872275490724616_7975956892949930784_n-1.jpg",640,552,false],"1536x1536":["https:\/\/radioparquecde.com\/wp-content\/uploads\/2023\/03\/335393941_872275490724616_7975956892949930784_n-1.jpg",750,647,false],"2048x2048":["https:\/\/radioparquecde.com\/wp-content\/uploads\/2023\/03\/335393941_872275490724616_7975956892949930784_n-1.jpg",750,647,false],"newsphere-slider-full":["https:\/\/radioparquecde.com\/wp-content\/uploads\/2023\/03\/335393941_872275490724616_7975956892949930784_n-1.jpg",750,647,false],"newsphere-featured":["https:\/\/radioparquecde.com\/wp-content\/uploads\/2023\/03\/335393941_872275490724616_7975956892949930784_n-1.jpg",750,647,false],"newsphere-medium":["https:\/\/radioparquecde.com\/wp-content\/uploads\/2023\/03\/335393941_872275490724616_7975956892949930784_n-1-720x380.jpg",720,380,true]},"author_info":{"display_name":"Editor","author_link":"https:\/\/radioparquecde.com\/index.php\/author\/editor\/"},"category_info":"<a href=\"https:\/\/radioparquecde.com\/index.php\/category\/alto-parana\/\" rel=\"category tag\">ALTO PARAN\u00c1<\/a> <a href=\"https:\/\/radioparquecde.com\/index.php\/category\/noticias\/\" rel=\"category tag\">Noticias<\/a>","tag_info":"Noticias","comment_count":"0","_links":{"self":[{"href":"https:\/\/radioparquecde.com\/index.php\/wp-json\/wp\/v2\/posts\/8035","targetHints":{"allow":["GET"]}}],"collection":[{"href":"https:\/\/radioparquecde.com\/index.php\/wp-json\/wp\/v2\/posts"}],"about":[{"href":"https:\/\/radioparquecde.com\/index.php\/wp-json\/wp\/v2\/types\/post"}],"author":[{"embeddable":true,"href":"https:\/\/radioparquecde.com\/index.php\/wp-json\/wp\/v2\/users\/3"}],"replies":[{"embeddable":true,"href":"https:\/\/radioparquecde.com\/index.php\/wp-json\/wp\/v2\/comments?post=8035"}],"version-history":[{"count":1,"href":"https:\/\/radioparquecde.com\/index.php\/wp-json\/wp\/v2\/posts\/8035\/revisions"}],"predecessor-version":[{"id":8039,"href":"https:\/\/radioparquecde.com\/index.php\/wp-json\/wp\/v2\/posts\/8035\/revisions\/8039"}],"wp:featuredmedia":[{"embeddable":true,"href":"https:\/\/radioparquecde.com\/index.php\/wp-json\/wp\/v2\/media\/8038"}],"wp:attachment":[{"href":"https:\/\/radioparquecde.com\/index.php\/wp-json\/wp\/v2\/media?parent=8035"}],"wp:term":[{"taxonomy":"category","embeddable":true,"href":"https:\/\/radioparquecde.com\/index.php\/wp-json\/wp\/v2\/categories?post=8035"},{"taxonomy":"post_tag","embeddable":true,"href":"https:\/\/radioparquecde.com\/index.php\/wp-json\/wp\/v2\/tags?post=8035"}],"curies":[{"name":"wp","href":"https:\/\/api.w.org\/{rel}","templated":true}]}}