{"id":8050,"date":"2023-03-14T10:50:31","date_gmt":"2023-03-14T13:50:31","guid":{"rendered":"https:\/\/radioparquecde.com\/?p=8050"},"modified":"2023-03-14T10:50:32","modified_gmt":"2023-03-14T13:50:32","slug":"detuvieron-a-ladron-domiciliario-y-recuperaron-cosas-hurtadas","status":"publish","type":"post","link":"https:\/\/radioparquecde.com\/index.php\/2023\/03\/14\/detuvieron-a-ladron-domiciliario-y-recuperaron-cosas-hurtadas\/","title":{"rendered":"Detuvieron a ladr\u00f3n domiciliario y recuperaron cosas hurtadas"},"content":{"rendered":"\n<p>El ladr\u00f3n domiciliario Sergio Wilfrido Almada Salinas (25) fue preso el lunes a la noche en el barrio Santo Domingo de Hernandarias, y con su detenci\u00f3n se recuperaron algunos objetos hurtados hace algunas semanas.<\/p>\n\n\n\n<p>Todos los objetos fueron denunciados el pasado 24 de febrero por las v\u00edctimas Dario Pereira Castillo (42) y Eiret\u00e9 Gonz\u00e1lez Pusch (33).<\/p>\n\n\n\n<figure class=\"wp-block-image size-full\"><img loading=\"lazy\" decoding=\"async\" width=\"609\" height=\"379\" src=\"https:\/\/radioparquecde.com\/wp-content\/uploads\/2023\/03\/335618036_113059588366395_8108287246794357983_n.jpg\" alt=\"\" class=\"wp-image-8052\" srcset=\"https:\/\/radioparquecde.com\/wp-content\/uploads\/2023\/03\/335618036_113059588366395_8108287246794357983_n.jpg 609w, https:\/\/radioparquecde.com\/wp-content\/uploads\/2023\/03\/335618036_113059588366395_8108287246794357983_n-300x187.jpg 300w\" sizes=\"auto, (max-width: 609px) 100vw, 609px\" \/><\/figure>\n\n\n\n<p>Almada, que posee tres antecedentes por hurto agravado, cont\u00f3 a los polic\u00edas d\u00f3nde hab\u00eda guardado los objetos hurtados y los llev\u00f3 hasta una casa precaria ubicada en el asentamiento Nueva Conquista, a orillas del arroyo Ju\u2019i Rup\u00e1. <\/p>\n\n\n\n<p>En el lugar se recuperaron una cocina de 5 hornallas, una garrafa de gas de 13 kilos, un reloj, una notebook y un speaker.<\/p>\n","protected":false},"excerpt":{"rendered":"<p>El ladr\u00f3n domiciliario Sergio Wilfrido Almada Salinas (25) fue preso el lunes a la noche&#8230;<\/p>\n","protected":false},"author":3,"featured_media":8053,"comment_status":"closed","ping_status":"closed","sticky":false,"template":"","format":"standard","meta":{"footnotes":""},"categories":[6],"tags":[],"class_list":["post-8050","post","type-post","status-publish","format-standard","has-post-thumbnail","hentry","category-noticias"],"featured_image_urls":{"full":["https:\/\/radioparquecde.com\/wp-content\/uploads\/2023\/03\/335618036_113059588366395_8108287246794357983_n-1.jpg",609,379,false],"thumbnail":["https:\/\/radioparquecde.com\/wp-content\/uploads\/2023\/03\/335618036_113059588366395_8108287246794357983_n-1-150x150.jpg",150,150,true],"medium":["https:\/\/radioparquecde.com\/wp-content\/uploads\/2023\/03\/335618036_113059588366395_8108287246794357983_n-1-300x187.jpg",300,187,true],"medium_large":["https:\/\/radioparquecde.com\/wp-content\/uploads\/2023\/03\/335618036_113059588366395_8108287246794357983_n-1.jpg",609,379,false],"large":["https:\/\/radioparquecde.com\/wp-content\/uploads\/2023\/03\/335618036_113059588366395_8108287246794357983_n-1.jpg",609,379,false],"1536x1536":["https:\/\/radioparquecde.com\/wp-content\/uploads\/2023\/03\/335618036_113059588366395_8108287246794357983_n-1.jpg",609,379,false],"2048x2048":["https:\/\/radioparquecde.com\/wp-content\/uploads\/2023\/03\/335618036_113059588366395_8108287246794357983_n-1.jpg",609,379,false],"newsphere-slider-full":["https:\/\/radioparquecde.com\/wp-content\/uploads\/2023\/03\/335618036_113059588366395_8108287246794357983_n-1.jpg",609,379,false],"newsphere-featured":["https:\/\/radioparquecde.com\/wp-content\/uploads\/2023\/03\/335618036_113059588366395_8108287246794357983_n-1.jpg",609,379,false],"newsphere-medium":["https:\/\/radioparquecde.com\/wp-content\/uploads\/2023\/03\/335618036_113059588366395_8108287246794357983_n-1.jpg",609,379,false]},"author_info":{"display_name":"Editor","author_link":"https:\/\/radioparquecde.com\/index.php\/author\/editor\/"},"category_info":"<a href=\"https:\/\/radioparquecde.com\/index.php\/category\/noticias\/\" rel=\"category tag\">Noticias<\/a>","tag_info":"Noticias","comment_count":"0","_links":{"self":[{"href":"https:\/\/radioparquecde.com\/index.php\/wp-json\/wp\/v2\/posts\/8050","targetHints":{"allow":["GET"]}}],"collection":[{"href":"https:\/\/radioparquecde.com\/index.php\/wp-json\/wp\/v2\/posts"}],"about":[{"href":"https:\/\/radioparquecde.com\/index.php\/wp-json\/wp\/v2\/types\/post"}],"author":[{"embeddable":true,"href":"https:\/\/radioparquecde.com\/index.php\/wp-json\/wp\/v2\/users\/3"}],"replies":[{"embeddable":true,"href":"https:\/\/radioparquecde.com\/index.php\/wp-json\/wp\/v2\/comments?post=8050"}],"version-history":[{"count":1,"href":"https:\/\/radioparquecde.com\/index.php\/wp-json\/wp\/v2\/posts\/8050\/revisions"}],"predecessor-version":[{"id":8054,"href":"https:\/\/radioparquecde.com\/index.php\/wp-json\/wp\/v2\/posts\/8050\/revisions\/8054"}],"wp:featuredmedia":[{"embeddable":true,"href":"https:\/\/radioparquecde.com\/index.php\/wp-json\/wp\/v2\/media\/8053"}],"wp:attachment":[{"href":"https:\/\/radioparquecde.com\/index.php\/wp-json\/wp\/v2\/media?parent=8050"}],"wp:term":[{"taxonomy":"category","embeddable":true,"href":"https:\/\/radioparquecde.com\/index.php\/wp-json\/wp\/v2\/categories?post=8050"},{"taxonomy":"post_tag","embeddable":true,"href":"https:\/\/radioparquecde.com\/index.php\/wp-json\/wp\/v2\/tags?post=8050"}],"curies":[{"name":"wp","href":"https:\/\/api.w.org\/{rel}","templated":true}]}}