{"id":8136,"date":"2023-03-20T08:35:55","date_gmt":"2023-03-20T11:35:55","guid":{"rendered":"https:\/\/radioparquecde.com\/?p=8136"},"modified":"2023-03-20T08:38:19","modified_gmt":"2023-03-20T11:38:19","slug":"accidentes-dejaron-al-menos-dos-muertos","status":"publish","type":"post","link":"https:\/\/radioparquecde.com\/index.php\/2023\/03\/20\/accidentes-dejaron-al-menos-dos-muertos\/","title":{"rendered":"Accidentes dejaron al menos dos muertos"},"content":{"rendered":"\n<p>La <a><\/a>Polic\u00eda Nacional report\u00f3 el fin de semana al menos dos accidentes de tr\u00e1nsito que desafortunadamente dejaron v\u00edctimas fatales. Sobre la ruta PY 07, zona del barrio Pablo Rojas, los dos ocupantes de una motocicleta cayeron debajo de las ruedas de un cami\u00f3n y fueron arrastrados varios metros. Horas despu\u00e9s uno de los accidentados falleci\u00f3 en el hospital. En otro caso, en el \u00c1rea 8, un motociclista fue embestido desde atr\u00e1s por un automovilista que no lo vio y tambi\u00e9n pereci\u00f3 posteriormente en un centro asistencial.<\/p>\n\n\n\n<p>Uno de los percances se registr\u00f3 el s\u00e1bado a las 9:30 horas sobre la ruta PY 07 c\/ Av. Tte. Rojas Silva, en la zona del barrio Pablo Rojas. En el lugar el motociclista V\u00edctor Emanuel N\u00fa\u00f1ez (35) y su acompa\u00f1ante Andr\u00e9s Gabriel Mongel\u00f3s Mendoza (37) cayeron debajo de las ruedas de un cami\u00f3n mando de Roberto Javier N\u00fa\u00f1ez Aguirre y fueron arrastrados por unos 30 metros. Ambos sufrieron fracturas expuestas y lesiones de gravedad, siendo derivados al Pabell\u00f3n de Emergencias M\u00e9dicas. A las 21h los m\u00e9dicos confirmaron el fallecimiento de Mongel\u00f3s.<\/p>\n\n\n\n<p>El chofer del cami\u00f3n dijo a los polic\u00edas que circulaba en direcci\u00f3n a Hernandarias por el carril derecho de la ruta y que la motocicleta iba en la misma direcci\u00f3n por la banquina. Repentinamente el conductor del biciclo perdi\u00f3 el equilibrio y cay\u00f3 debajo de las ruedas, no pudiendo hacer nada para no arrollarlos. <\/p>\n\n\n\n<p>El camionero dio negativo al alcotest.<\/p>\n\n\n\n<p>Otro accidente con saldo fatal se produjo el s\u00e1bado a las 22:40 horas sobre la Av. Eugenio A. Garay e\/ La Guarania, al costado de la plaza La Polka del \u00c1rea 8. En el percance estuvieron involucrados un autom\u00f3vil BMW 328i al mando de Mart\u00edn Ezequiel Vel\u00e1zquez Bareiro (21) y una motocicleta Kenton Blitz guiada por Osvaldo Presentado Vel\u00e1zquez (48), que fue derivado al Pabell\u00f3n de Emergencias M\u00e9dicas en estado grave. A las 2:50h del domingo los m\u00e9dicos informaron que no resisti\u00f3 y falleci\u00f3.<\/p>\n\n\n\n<p>El automovilista, que dio negativo al alcotest, dijo a los polic\u00edas que circulaba por la avenida Eugenio A. Garay y que repentinamente escuch\u00f3 un barullo. Al detenerse se percat\u00f3 que choc\u00f3 por atr\u00e1s a la motocicleta que iba en su frente y encontr\u00f3 al motociclista tendido en el suelo.<\/p>\n\n\n\n<p><a href=\"https:\/\/www.facebook.com\/diariolajornadacde\/photos\/pcb.6628858213809814\/6628858150476487\/?__cft__[0]=AZUzulJVcIRTSVuL64BGscRzV84L0pO8JllySzIzNlApde-o7i2uR9yRzzZijHklqx6-_Z_ecbYhXNYX8VApsRGuLWsLmm-vecx6yywVaonoEemtuMIH9b0VmeC8T1CYmb7YhNhXAxOGw4iSEkrLghW4zP2Nift7FM7lUcrLzyzwZQ&amp;__tn__=*bH-R\"><\/a><\/p>\n\n\n\n<p><a href=\"https:\/\/www.facebook.com\/diariolajornadacde\/photos\/pcb.6628858213809814\/6628858153809820\/?__cft__[0]=AZUzulJVcIRTSVuL64BGscRzV84L0pO8JllySzIzNlApde-o7i2uR9yRzzZijHklqx6-_Z_ecbYhXNYX8VApsRGuLWsLmm-vecx6yywVaonoEemtuMIH9b0VmeC8T1CYmb7YhNhXAxOGw4iSEkrLghW4zP2Nift7FM7lUcrLzyzwZQ&amp;__tn__=*bH-R\"><\/a><\/p>\n\n\n\n<figure class=\"wp-block-image\"><a href=\"https:\/\/www.facebook.com\/diariolajornadacde\/photos\/pcb.6628858213809814\/6628858153809820\/?__cft__[0]=AZUzulJVcIRTSVuL64BGscRzV84L0pO8JllySzIzNlApde-o7i2uR9yRzzZijHklqx6-_Z_ecbYhXNYX8VApsRGuLWsLmm-vecx6yywVaonoEemtuMIH9b0VmeC8T1CYmb7YhNhXAxOGw4iSEkrLghW4zP2Nift7FM7lUcrLzyzwZQ&amp;__tn__=*bH-R\"><img decoding=\"async\" src=\"https:\/\/scontent.fasu6-2.fna.fbcdn.net\/v\/t39.30808-6\/337015645_1058777628413878_8191681237697970475_n.jpg?stp=dst-jpg_s600x600&amp;_nc_cat=111&amp;ccb=1-7&amp;_nc_sid=730e14&amp;_nc_eui2=AeHgPgWrNUdxCFMqgXpzsECJpemvrGA1u8Wl6a-sYDW7xbEqhSijzxKDx8ndCWITDBYW3ZTjqVJgl2GRrflLXFWe&amp;_nc_ohc=JQUlzRM-hggAX9fb7XB&amp;_nc_ht=scontent.fasu6-2.fna&amp;oh=00_AfCNhAUVPnxWKGFDJ_H_yImXxB62kLlCwLFThmCRm-jpLg&amp;oe=641C9B86\" alt=\"\"\/><\/a><\/figure>\n\n\n\n<p>Todas las reacciones:<\/p>\n\n\n\n<figure class=\"wp-block-image size-large\"><img loading=\"lazy\" decoding=\"async\" width=\"624\" height=\"1024\" src=\"https:\/\/radioparquecde.com\/wp-content\/uploads\/2023\/03\/337132487_6167791649953992_398465044942571683_n-624x1024.jpg\" alt=\"\" class=\"wp-image-8141\" srcset=\"https:\/\/radioparquecde.com\/wp-content\/uploads\/2023\/03\/337132487_6167791649953992_398465044942571683_n-624x1024.jpg 624w, https:\/\/radioparquecde.com\/wp-content\/uploads\/2023\/03\/337132487_6167791649953992_398465044942571683_n-183x300.jpg 183w, https:\/\/radioparquecde.com\/wp-content\/uploads\/2023\/03\/337132487_6167791649953992_398465044942571683_n.jpg 730w\" sizes=\"auto, (max-width: 624px) 100vw, 624px\" \/><\/figure>\n\n\n\n<p><\/p>\n","protected":false},"excerpt":{"rendered":"<p>La Polic\u00eda Nacional report\u00f3 el fin de semana al menos dos accidentes de tr\u00e1nsito que&#8230;<\/p>\n","protected":false},"author":3,"featured_media":8138,"comment_status":"closed","ping_status":"closed","sticky":false,"template":"","format":"standard","meta":{"footnotes":""},"categories":[48,6],"tags":[],"class_list":["post-8136","post","type-post","status-publish","format-standard","has-post-thumbnail","hentry","category-alto-parana","category-noticias"],"featured_image_urls":{"full":["https:\/\/radioparquecde.com\/wp-content\/uploads\/2023\/03\/337015645_1058777628413878_8191681237697970475_n.jpg",1600,1040,false],"thumbnail":["https:\/\/radioparquecde.com\/wp-content\/uploads\/2023\/03\/337015645_1058777628413878_8191681237697970475_n-150x150.jpg",150,150,true],"medium":["https:\/\/radioparquecde.com\/wp-content\/uploads\/2023\/03\/337015645_1058777628413878_8191681237697970475_n-300x195.jpg",300,195,true],"medium_large":["https:\/\/radioparquecde.com\/wp-content\/uploads\/2023\/03\/337015645_1058777628413878_8191681237697970475_n-768x499.jpg",640,416,true],"large":["https:\/\/radioparquecde.com\/wp-content\/uploads\/2023\/03\/337015645_1058777628413878_8191681237697970475_n-1024x666.jpg",640,416,true],"1536x1536":["https:\/\/radioparquecde.com\/wp-content\/uploads\/2023\/03\/337015645_1058777628413878_8191681237697970475_n-1536x998.jpg",1536,998,true],"2048x2048":["https:\/\/radioparquecde.com\/wp-content\/uploads\/2023\/03\/337015645_1058777628413878_8191681237697970475_n.jpg",1600,1040,false],"newsphere-slider-full":["https:\/\/radioparquecde.com\/wp-content\/uploads\/2023\/03\/337015645_1058777628413878_8191681237697970475_n-1280x720.jpg",1280,720,true],"newsphere-featured":["https:\/\/radioparquecde.com\/wp-content\/uploads\/2023\/03\/337015645_1058777628413878_8191681237697970475_n-1024x666.jpg",1024,666,true],"newsphere-medium":["https:\/\/radioparquecde.com\/wp-content\/uploads\/2023\/03\/337015645_1058777628413878_8191681237697970475_n-720x380.jpg",720,380,true]},"author_info":{"display_name":"Editor","author_link":"https:\/\/radioparquecde.com\/index.php\/author\/editor\/"},"category_info":"<a href=\"https:\/\/radioparquecde.com\/index.php\/category\/alto-parana\/\" rel=\"category tag\">ALTO PARAN\u00c1<\/a> <a href=\"https:\/\/radioparquecde.com\/index.php\/category\/noticias\/\" rel=\"category tag\">Noticias<\/a>","tag_info":"Noticias","comment_count":"0","_links":{"self":[{"href":"https:\/\/radioparquecde.com\/index.php\/wp-json\/wp\/v2\/posts\/8136","targetHints":{"allow":["GET"]}}],"collection":[{"href":"https:\/\/radioparquecde.com\/index.php\/wp-json\/wp\/v2\/posts"}],"about":[{"href":"https:\/\/radioparquecde.com\/index.php\/wp-json\/wp\/v2\/types\/post"}],"author":[{"embeddable":true,"href":"https:\/\/radioparquecde.com\/index.php\/wp-json\/wp\/v2\/users\/3"}],"replies":[{"embeddable":true,"href":"https:\/\/radioparquecde.com\/index.php\/wp-json\/wp\/v2\/comments?post=8136"}],"version-history":[{"count":2,"href":"https:\/\/radioparquecde.com\/index.php\/wp-json\/wp\/v2\/posts\/8136\/revisions"}],"predecessor-version":[{"id":8142,"href":"https:\/\/radioparquecde.com\/index.php\/wp-json\/wp\/v2\/posts\/8136\/revisions\/8142"}],"wp:featuredmedia":[{"embeddable":true,"href":"https:\/\/radioparquecde.com\/index.php\/wp-json\/wp\/v2\/media\/8138"}],"wp:attachment":[{"href":"https:\/\/radioparquecde.com\/index.php\/wp-json\/wp\/v2\/media?parent=8136"}],"wp:term":[{"taxonomy":"category","embeddable":true,"href":"https:\/\/radioparquecde.com\/index.php\/wp-json\/wp\/v2\/categories?post=8136"},{"taxonomy":"post_tag","embeddable":true,"href":"https:\/\/radioparquecde.com\/index.php\/wp-json\/wp\/v2\/tags?post=8136"}],"curies":[{"name":"wp","href":"https:\/\/api.w.org\/{rel}","templated":true}]}}