{"id":8148,"date":"2023-03-20T08:58:08","date_gmt":"2023-03-20T11:58:08","guid":{"rendered":"https:\/\/radioparquecde.com\/?p=8148"},"modified":"2023-03-20T08:58:09","modified_gmt":"2023-03-20T11:58:09","slug":"fue-preso-por-herir-con-cuchillo-a-sexagenario","status":"publish","type":"post","link":"https:\/\/radioparquecde.com\/index.php\/2023\/03\/20\/fue-preso-por-herir-con-cuchillo-a-sexagenario\/","title":{"rendered":"Fue preso por herir con cuchillo a sexagenario"},"content":{"rendered":"\n<p>Ocurri\u00f3 en Itakyry, un adolescente fue demorado por el cacique de su comunidad y entregado a la Polic\u00eda Nacional luego de protagonizar un incidente en que atac\u00f3 con un cuchillo a un sexagenario, caus\u00e1ndole un corte de consideraci\u00f3n en el brazo. Para colmo, el menor se encontraba alcoholizado. El hecho se registr\u00f3 el s\u00e1bado a las 18:40h en la comunidad ind\u00edgena Uruku Poty.<\/p>\n\n\n\n<p>LA Comisar\u00eda 12 inform\u00f3 sobre la aprehensi\u00f3n del <a><\/a>adolescente J.M.M.V. (15) por un caso de agresi\u00f3n con arma blanca del cual result\u00f3 v\u00edctima Adriano Mart\u00ednez Ram\u00edrez (62), que sufri\u00f3 un corte de consideraci\u00f3n a la altura del codo izquierdo. Del poder del menor adem\u00e1s se incautaron tres armas blancas de fabricaci\u00f3n casera, dos de 30cm y una de 40cm, usadas para atacar a la v\u00edctima.<\/p>\n\n\n\n<figure class=\"wp-block-image size-full\"><img loading=\"lazy\" decoding=\"async\" width=\"526\" height=\"701\" src=\"https:\/\/radioparquecde.com\/wp-content\/uploads\/2023\/03\/337016381_1180442475938991_5072998884636722581_n.jpg\" alt=\"\" class=\"wp-image-8150\" srcset=\"https:\/\/radioparquecde.com\/wp-content\/uploads\/2023\/03\/337016381_1180442475938991_5072998884636722581_n.jpg 526w, https:\/\/radioparquecde.com\/wp-content\/uploads\/2023\/03\/337016381_1180442475938991_5072998884636722581_n-225x300.jpg 225w\" sizes=\"auto, (max-width: 526px) 100vw, 526px\" \/><\/figure>\n\n\n\n<p>Seg\u00fan los datos, el adolescente lleg\u00f3 hasta la casa del sexagenario con una bebida alcoh\u00f3lica en mano y se sent\u00f3 en el patio para beber. Aparentemente el menor fue recriminado y se molest\u00f3, abalanz\u00e1ndose sobre el hombre mayor para herirlo con el cuchillo. Luego del incidente se retir\u00f3 del lugar, pero otros miembros de la comunidad lo capturaron y lo ataron por un \u00e1rbol para que no escape. Solo fue liberado cuando los polic\u00edas llegaron para llevarlo preso.<\/p>\n","protected":false},"excerpt":{"rendered":"<p>Ocurri\u00f3 en Itakyry, un adolescente fue demorado por el cacique de su comunidad y entregado&#8230;<\/p>\n","protected":false},"author":3,"featured_media":8151,"comment_status":"closed","ping_status":"closed","sticky":false,"template":"","format":"standard","meta":{"footnotes":""},"categories":[48,47],"tags":[],"class_list":["post-8148","post","type-post","status-publish","format-standard","has-post-thumbnail","hentry","category-alto-parana","category-sucesos"],"featured_image_urls":{"full":["https:\/\/radioparquecde.com\/wp-content\/uploads\/2023\/03\/337016381_1180442475938991_5072998884636722581_n-1.jpg",526,701,false],"thumbnail":["https:\/\/radioparquecde.com\/wp-content\/uploads\/2023\/03\/337016381_1180442475938991_5072998884636722581_n-1-150x150.jpg",150,150,true],"medium":["https:\/\/radioparquecde.com\/wp-content\/uploads\/2023\/03\/337016381_1180442475938991_5072998884636722581_n-1-225x300.jpg",225,300,true],"medium_large":["https:\/\/radioparquecde.com\/wp-content\/uploads\/2023\/03\/337016381_1180442475938991_5072998884636722581_n-1.jpg",526,701,false],"large":["https:\/\/radioparquecde.com\/wp-content\/uploads\/2023\/03\/337016381_1180442475938991_5072998884636722581_n-1.jpg",526,701,false],"1536x1536":["https:\/\/radioparquecde.com\/wp-content\/uploads\/2023\/03\/337016381_1180442475938991_5072998884636722581_n-1.jpg",526,701,false],"2048x2048":["https:\/\/radioparquecde.com\/wp-content\/uploads\/2023\/03\/337016381_1180442475938991_5072998884636722581_n-1.jpg",526,701,false],"newsphere-slider-full":["https:\/\/radioparquecde.com\/wp-content\/uploads\/2023\/03\/337016381_1180442475938991_5072998884636722581_n-1.jpg",526,701,false],"newsphere-featured":["https:\/\/radioparquecde.com\/wp-content\/uploads\/2023\/03\/337016381_1180442475938991_5072998884636722581_n-1.jpg",526,701,false],"newsphere-medium":["https:\/\/radioparquecde.com\/wp-content\/uploads\/2023\/03\/337016381_1180442475938991_5072998884636722581_n-1-526x380.jpg",526,380,true]},"author_info":{"display_name":"Editor","author_link":"https:\/\/radioparquecde.com\/index.php\/author\/editor\/"},"category_info":"<a href=\"https:\/\/radioparquecde.com\/index.php\/category\/alto-parana\/\" rel=\"category tag\">ALTO PARAN\u00c1<\/a> <a href=\"https:\/\/radioparquecde.com\/index.php\/category\/sucesos\/\" rel=\"category tag\">SUCESOS<\/a>","tag_info":"SUCESOS","comment_count":"0","_links":{"self":[{"href":"https:\/\/radioparquecde.com\/index.php\/wp-json\/wp\/v2\/posts\/8148","targetHints":{"allow":["GET"]}}],"collection":[{"href":"https:\/\/radioparquecde.com\/index.php\/wp-json\/wp\/v2\/posts"}],"about":[{"href":"https:\/\/radioparquecde.com\/index.php\/wp-json\/wp\/v2\/types\/post"}],"author":[{"embeddable":true,"href":"https:\/\/radioparquecde.com\/index.php\/wp-json\/wp\/v2\/users\/3"}],"replies":[{"embeddable":true,"href":"https:\/\/radioparquecde.com\/index.php\/wp-json\/wp\/v2\/comments?post=8148"}],"version-history":[{"count":1,"href":"https:\/\/radioparquecde.com\/index.php\/wp-json\/wp\/v2\/posts\/8148\/revisions"}],"predecessor-version":[{"id":8152,"href":"https:\/\/radioparquecde.com\/index.php\/wp-json\/wp\/v2\/posts\/8148\/revisions\/8152"}],"wp:featuredmedia":[{"embeddable":true,"href":"https:\/\/radioparquecde.com\/index.php\/wp-json\/wp\/v2\/media\/8151"}],"wp:attachment":[{"href":"https:\/\/radioparquecde.com\/index.php\/wp-json\/wp\/v2\/media?parent=8148"}],"wp:term":[{"taxonomy":"category","embeddable":true,"href":"https:\/\/radioparquecde.com\/index.php\/wp-json\/wp\/v2\/categories?post=8148"},{"taxonomy":"post_tag","embeddable":true,"href":"https:\/\/radioparquecde.com\/index.php\/wp-json\/wp\/v2\/tags?post=8148"}],"curies":[{"name":"wp","href":"https:\/\/api.w.org\/{rel}","templated":true}]}}