{"id":8205,"date":"2023-03-22T08:25:08","date_gmt":"2023-03-22T11:25:08","guid":{"rendered":"https:\/\/radioparquecde.com\/?p=8205"},"modified":"2023-03-22T08:25:09","modified_gmt":"2023-03-22T11:25:09","slug":"diputados-trataran-destitucion-del-intendente-de-san-pedro-se-tiene-que-ir-dice-rocio-vallejo","status":"publish","type":"post","link":"https:\/\/radioparquecde.com\/index.php\/2023\/03\/22\/diputados-trataran-destitucion-del-intendente-de-san-pedro-se-tiene-que-ir-dice-rocio-vallejo\/","title":{"rendered":"Diputados tratar\u00e1n destituci\u00f3n del intendente de San Pedro: \u201cSe tiene que ir\u201d, dice Roc\u00edo Vallejo"},"content":{"rendered":"\n<p>La diputada Roc\u00edo Vallejo sostuvo que la C\u00e1mara Baja debe definir este mi\u00e9rcoles el pedido de destituci\u00f3n al intendente de San Pedro del Ycuamandyy\u00fa, Gustavo Rodr\u00edguez. El mismo est\u00e1 imputado por lesi\u00f3n de confianza. \u201cSe tiene que ir, no es sostenible este se\u00f1or\u201d, dijo.<\/p>\n\n\n\n<figure class=\"wp-block-image size-full\"><img loading=\"lazy\" decoding=\"async\" width=\"600\" height=\"400\" src=\"https:\/\/radioparquecde.com\/wp-content\/uploads\/2023\/03\/Vallejo-Rocio-Diputados-e1543398940174-1.jpg\" alt=\"\" class=\"wp-image-8207\" srcset=\"https:\/\/radioparquecde.com\/wp-content\/uploads\/2023\/03\/Vallejo-Rocio-Diputados-e1543398940174-1.jpg 600w, https:\/\/radioparquecde.com\/wp-content\/uploads\/2023\/03\/Vallejo-Rocio-Diputados-e1543398940174-1-300x200.jpg 300w\" sizes=\"auto, (max-width: 600px) 100vw, 600px\" \/><\/figure>\n","protected":false},"excerpt":{"rendered":"<p>La diputada Roc\u00edo Vallejo sostuvo que la C\u00e1mara Baja debe definir este mi\u00e9rcoles el pedido&#8230;<\/p>\n","protected":false},"author":3,"featured_media":8208,"comment_status":"closed","ping_status":"closed","sticky":false,"template":"","format":"standard","meta":{"footnotes":""},"categories":[6,11],"tags":[],"class_list":["post-8205","post","type-post","status-publish","format-standard","has-post-thumbnail","hentry","category-noticias","category-politica"],"featured_image_urls":{"full":["https:\/\/radioparquecde.com\/wp-content\/uploads\/2023\/03\/Vallejo-Rocio-Diputados-e1543398940174-1-1.jpg",600,400,false],"thumbnail":["https:\/\/radioparquecde.com\/wp-content\/uploads\/2023\/03\/Vallejo-Rocio-Diputados-e1543398940174-1-1-150x150.jpg",150,150,true],"medium":["https:\/\/radioparquecde.com\/wp-content\/uploads\/2023\/03\/Vallejo-Rocio-Diputados-e1543398940174-1-1-300x200.jpg",300,200,true],"medium_large":["https:\/\/radioparquecde.com\/wp-content\/uploads\/2023\/03\/Vallejo-Rocio-Diputados-e1543398940174-1-1.jpg",600,400,false],"large":["https:\/\/radioparquecde.com\/wp-content\/uploads\/2023\/03\/Vallejo-Rocio-Diputados-e1543398940174-1-1.jpg",600,400,false],"1536x1536":["https:\/\/radioparquecde.com\/wp-content\/uploads\/2023\/03\/Vallejo-Rocio-Diputados-e1543398940174-1-1.jpg",600,400,false],"2048x2048":["https:\/\/radioparquecde.com\/wp-content\/uploads\/2023\/03\/Vallejo-Rocio-Diputados-e1543398940174-1-1.jpg",600,400,false],"newsphere-slider-full":["https:\/\/radioparquecde.com\/wp-content\/uploads\/2023\/03\/Vallejo-Rocio-Diputados-e1543398940174-1-1.jpg",600,400,false],"newsphere-featured":["https:\/\/radioparquecde.com\/wp-content\/uploads\/2023\/03\/Vallejo-Rocio-Diputados-e1543398940174-1-1.jpg",600,400,false],"newsphere-medium":["https:\/\/radioparquecde.com\/wp-content\/uploads\/2023\/03\/Vallejo-Rocio-Diputados-e1543398940174-1-1-600x380.jpg",600,380,true]},"author_info":{"display_name":"Editor","author_link":"https:\/\/radioparquecde.com\/index.php\/author\/editor\/"},"category_info":"<a href=\"https:\/\/radioparquecde.com\/index.php\/category\/noticias\/\" rel=\"category tag\">Noticias<\/a> <a href=\"https:\/\/radioparquecde.com\/index.php\/category\/noticias\/politica\/\" rel=\"category tag\">Pol\u00edtica<\/a>","tag_info":"Pol\u00edtica","comment_count":"0","_links":{"self":[{"href":"https:\/\/radioparquecde.com\/index.php\/wp-json\/wp\/v2\/posts\/8205","targetHints":{"allow":["GET"]}}],"collection":[{"href":"https:\/\/radioparquecde.com\/index.php\/wp-json\/wp\/v2\/posts"}],"about":[{"href":"https:\/\/radioparquecde.com\/index.php\/wp-json\/wp\/v2\/types\/post"}],"author":[{"embeddable":true,"href":"https:\/\/radioparquecde.com\/index.php\/wp-json\/wp\/v2\/users\/3"}],"replies":[{"embeddable":true,"href":"https:\/\/radioparquecde.com\/index.php\/wp-json\/wp\/v2\/comments?post=8205"}],"version-history":[{"count":1,"href":"https:\/\/radioparquecde.com\/index.php\/wp-json\/wp\/v2\/posts\/8205\/revisions"}],"predecessor-version":[{"id":8209,"href":"https:\/\/radioparquecde.com\/index.php\/wp-json\/wp\/v2\/posts\/8205\/revisions\/8209"}],"wp:featuredmedia":[{"embeddable":true,"href":"https:\/\/radioparquecde.com\/index.php\/wp-json\/wp\/v2\/media\/8208"}],"wp:attachment":[{"href":"https:\/\/radioparquecde.com\/index.php\/wp-json\/wp\/v2\/media?parent=8205"}],"wp:term":[{"taxonomy":"category","embeddable":true,"href":"https:\/\/radioparquecde.com\/index.php\/wp-json\/wp\/v2\/categories?post=8205"},{"taxonomy":"post_tag","embeddable":true,"href":"https:\/\/radioparquecde.com\/index.php\/wp-json\/wp\/v2\/tags?post=8205"}],"curies":[{"name":"wp","href":"https:\/\/api.w.org\/{rel}","templated":true}]}}