{"id":823,"date":"2022-04-14T12:45:21","date_gmt":"2022-04-14T12:45:21","guid":{"rendered":"https:\/\/radioparquecde.com\/web\/?p=823"},"modified":"2022-04-14T12:45:23","modified_gmt":"2022-04-14T12:45:23","slug":"murio-el-exfutbolista-freddy-rincon-tras-un-accidente-de-transito","status":"publish","type":"post","link":"https:\/\/radioparquecde.com\/index.php\/2022\/04\/14\/murio-el-exfutbolista-freddy-rincon-tras-un-accidente-de-transito\/","title":{"rendered":"Muri\u00f3 el exfutbolista Freddy Rinc\u00f3n, tras un accidente de tr\u00e1nsito"},"content":{"rendered":"\n<p>Durante la madrugada del lunes, el ic\u00f3nico futbolista colombiano&nbsp;Freddy Rinc\u00f3n&nbsp;sufri\u00f3 un grave accidente en la ciudad de Cali y fue internado con un&nbsp;\u201ctrauma craneoencef\u00e1lico severo\u201d&nbsp;en la&nbsp;Cl\u00ednica Imbanaco, donde seg\u00fan el \u00faltimo parte m\u00e9dico&nbsp;su estado de salud sigue siendo \u201cmuy cr\u00edtico\u201d.<\/p>\n\n\n\n<p>R\u00e1pidamente, las autoridades locales buscaron las c\u00e1maras de seguridad de la zona para investigar c\u00f3mo fue el hecho y el video apareci\u00f3 en las redes sociales a las pocas horas.<\/p>\n\n\n\n<p>Los reportes policiales informaron que el impacto ocurri\u00f3 a las 4:30 de la ma\u00f1ana en el sector conocido como Las Banderas. Se trat\u00f3 de un accidente de tr\u00e1nsito entre un bus del&nbsp;Masivo Integrado de Occidente(MIO)&nbsp;y una camioneta&nbsp;Ford 4\u00d74, donde se movilizaba Freddy Rinc\u00f3n con un&nbsp;grupo de amigos, que tambi\u00e9n resultaron heridos.<\/p>\n\n\n\n<p>La c\u00e1mara muestra c\u00f3mo el veh\u00edculo particular en el que iba el futbolista cruza la intersecci\u00f3n sin desacelerar y de repente aparece el autob\u00fas que lo embiste a gran velocidad. El transporte de pasajeros qued\u00f3 incrustado&nbsp;contra un sem\u00e1foro,con la parte delantera totalmente destruida.<\/p>\n\n\n\n<p>Mientras tanto, la camioneta donde viajaba Freddy Rinc\u00f3n termin\u00f3 unos metros m\u00e1s adelante de la autopista,&nbsp;sobre un and\u00e9n, y con visibles da\u00f1os en el costado derecho. Nadie se baj\u00f3 de ninguno de los veh\u00edculos hasta que no arrib\u00f3 la ayuda.<\/p>\n\n\n\n<p><strong>Fuente: Infobae<\/strong><\/p>\n\n\n\n<figure class=\"wp-block-image size-full\"><img loading=\"lazy\" decoding=\"async\" width=\"958\" height=\"596\" src=\"https:\/\/radioparquecde.com\/web\/wp-content\/uploads\/2022\/04\/freddy-rincon.jpg\" alt=\"\" class=\"wp-image-824\" srcset=\"https:\/\/radioparquecde.com\/wp-content\/uploads\/2022\/04\/freddy-rincon.jpg 958w, https:\/\/radioparquecde.com\/wp-content\/uploads\/2022\/04\/freddy-rincon-300x187.jpg 300w, https:\/\/radioparquecde.com\/wp-content\/uploads\/2022\/04\/freddy-rincon-768x478.jpg 768w\" sizes=\"auto, (max-width: 958px) 100vw, 958px\" \/><\/figure>\n\n\n\n<p><\/p>\n","protected":false},"excerpt":{"rendered":"<p>Durante la madrugada del lunes, el ic\u00f3nico futbolista colombiano&nbsp;Freddy Rinc\u00f3n&nbsp;sufri\u00f3 un grave accidente en la&#8230;<\/p>\n","protected":false},"author":3,"featured_media":825,"comment_status":"open","ping_status":"closed","sticky":false,"template":"","format":"standard","meta":{"footnotes":""},"categories":[6],"tags":[],"class_list":["post-823","post","type-post","status-publish","format-standard","has-post-thumbnail","hentry","category-noticias"],"featured_image_urls":{"full":["https:\/\/radioparquecde.com\/wp-content\/uploads\/2022\/04\/freddy-rincon-1.jpg",958,596,false],"thumbnail":["https:\/\/radioparquecde.com\/wp-content\/uploads\/2022\/04\/freddy-rincon-1-150x150.jpg",150,150,true],"medium":["https:\/\/radioparquecde.com\/wp-content\/uploads\/2022\/04\/freddy-rincon-1-300x187.jpg",300,187,true],"medium_large":["https:\/\/radioparquecde.com\/wp-content\/uploads\/2022\/04\/freddy-rincon-1-768x478.jpg",640,398,true],"large":["https:\/\/radioparquecde.com\/wp-content\/uploads\/2022\/04\/freddy-rincon-1.jpg",640,398,false],"1536x1536":["https:\/\/radioparquecde.com\/wp-content\/uploads\/2022\/04\/freddy-rincon-1.jpg",958,596,false],"2048x2048":["https:\/\/radioparquecde.com\/wp-content\/uploads\/2022\/04\/freddy-rincon-1.jpg",958,596,false],"newsphere-slider-full":["https:\/\/radioparquecde.com\/wp-content\/uploads\/2022\/04\/freddy-rincon-1.jpg",958,596,false],"newsphere-featured":["https:\/\/radioparquecde.com\/wp-content\/uploads\/2022\/04\/freddy-rincon-1.jpg",958,596,false],"newsphere-medium":["https:\/\/radioparquecde.com\/wp-content\/uploads\/2022\/04\/freddy-rincon-1-720x380.jpg",720,380,true]},"author_info":{"display_name":"Editor","author_link":"https:\/\/radioparquecde.com\/index.php\/author\/editor\/"},"category_info":"<a href=\"https:\/\/radioparquecde.com\/index.php\/category\/noticias\/\" rel=\"category tag\">Noticias<\/a>","tag_info":"Noticias","comment_count":"0","_links":{"self":[{"href":"https:\/\/radioparquecde.com\/index.php\/wp-json\/wp\/v2\/posts\/823","targetHints":{"allow":["GET"]}}],"collection":[{"href":"https:\/\/radioparquecde.com\/index.php\/wp-json\/wp\/v2\/posts"}],"about":[{"href":"https:\/\/radioparquecde.com\/index.php\/wp-json\/wp\/v2\/types\/post"}],"author":[{"embeddable":true,"href":"https:\/\/radioparquecde.com\/index.php\/wp-json\/wp\/v2\/users\/3"}],"replies":[{"embeddable":true,"href":"https:\/\/radioparquecde.com\/index.php\/wp-json\/wp\/v2\/comments?post=823"}],"version-history":[{"count":1,"href":"https:\/\/radioparquecde.com\/index.php\/wp-json\/wp\/v2\/posts\/823\/revisions"}],"predecessor-version":[{"id":826,"href":"https:\/\/radioparquecde.com\/index.php\/wp-json\/wp\/v2\/posts\/823\/revisions\/826"}],"wp:featuredmedia":[{"embeddable":true,"href":"https:\/\/radioparquecde.com\/index.php\/wp-json\/wp\/v2\/media\/825"}],"wp:attachment":[{"href":"https:\/\/radioparquecde.com\/index.php\/wp-json\/wp\/v2\/media?parent=823"}],"wp:term":[{"taxonomy":"category","embeddable":true,"href":"https:\/\/radioparquecde.com\/index.php\/wp-json\/wp\/v2\/categories?post=823"},{"taxonomy":"post_tag","embeddable":true,"href":"https:\/\/radioparquecde.com\/index.php\/wp-json\/wp\/v2\/tags?post=823"}],"curies":[{"name":"wp","href":"https:\/\/api.w.org\/{rel}","templated":true}]}}