{"id":8258,"date":"2023-03-26T11:09:40","date_gmt":"2023-03-26T15:09:40","guid":{"rendered":"https:\/\/radioparquecde.com\/?p=8258"},"modified":"2023-03-26T11:09:41","modified_gmt":"2023-03-26T15:09:41","slug":"anr-evalua-denunciar-ante-la-fiscalia-los-ataques-en-la-pagina-del-partido-dice-apoderado","status":"publish","type":"post","link":"https:\/\/radioparquecde.com\/index.php\/2023\/03\/26\/anr-evalua-denunciar-ante-la-fiscalia-los-ataques-en-la-pagina-del-partido-dice-apoderado\/","title":{"rendered":"<strong>ANR eval\u00faa denunciar ante la Fiscal\u00eda los \u201cataques\u201d en la p\u00e1gina del Partido, dice apoderado<\/strong>"},"content":{"rendered":"\n<p>\u201cDetectamos tecnolog\u00eda que parecer\u00eda para el control electoral. Sospechosamente comenzaron los ataques en la p\u00e1gina del Partido y en otra de almacenamiento de datos de los agentes electorales (\u2026) En poco tiempo se dieron 2.000 ataques, los t\u00e9cnicos me alertaron de esta situaci\u00f3n\u201d, coment\u00f3.&nbsp;<\/p>\n\n\n\n<p>Mencion\u00f3 que seg\u00fan los t\u00e9cnicos hasta el momento los \u201cataques\u201d no afect\u00f3 a la P\u00e1gina del Partido Colorado.&nbsp;<\/p>\n\n\n\n<p>\u201cNo le culpo a nadie pero el informe que tenemos es que los ataques vienen de Estados Unidos\u201d, agreg\u00f3.&nbsp;<\/p>\n\n\n\n<p>\u201cLa vez pasada cuando tuvimos la experiencia de hackeo de la p\u00e1gina se hizo una denuncia formal. Esta tarde voy a hablar con las autoridades del Partido y creo que s\u00ed vamos a formular una denuncia\u201d, refiri\u00f3.&nbsp;<\/p>\n\n\n\n<figure class=\"wp-block-image size-large\"><img loading=\"lazy\" decoding=\"async\" width=\"1024\" height=\"538\" src=\"https:\/\/radioparquecde.com\/wp-content\/uploads\/2023\/03\/337274126_946987526487919_7087887777485185083_n-1024x538.jpg\" alt=\"\" class=\"wp-image-8260\" srcset=\"https:\/\/radioparquecde.com\/wp-content\/uploads\/2023\/03\/337274126_946987526487919_7087887777485185083_n-1024x538.jpg 1024w, https:\/\/radioparquecde.com\/wp-content\/uploads\/2023\/03\/337274126_946987526487919_7087887777485185083_n-300x158.jpg 300w, https:\/\/radioparquecde.com\/wp-content\/uploads\/2023\/03\/337274126_946987526487919_7087887777485185083_n-768x403.jpg 768w, https:\/\/radioparquecde.com\/wp-content\/uploads\/2023\/03\/337274126_946987526487919_7087887777485185083_n.jpg 1200w\" sizes=\"auto, (max-width: 1024px) 100vw, 1024px\" \/><\/figure>\n","protected":false},"excerpt":{"rendered":"<p>\u201cDetectamos tecnolog\u00eda que parecer\u00eda para el control electoral. Sospechosamente comenzaron los ataques en la p\u00e1gina&#8230;<\/p>\n","protected":false},"author":3,"featured_media":8261,"comment_status":"closed","ping_status":"closed","sticky":false,"template":"","format":"standard","meta":{"footnotes":""},"categories":[6,11],"tags":[],"class_list":["post-8258","post","type-post","status-publish","format-standard","has-post-thumbnail","hentry","category-noticias","category-politica"],"featured_image_urls":{"full":["https:\/\/radioparquecde.com\/wp-content\/uploads\/2023\/03\/337274126_946987526487919_7087887777485185083_n-1.jpg",1200,630,false],"thumbnail":["https:\/\/radioparquecde.com\/wp-content\/uploads\/2023\/03\/337274126_946987526487919_7087887777485185083_n-1-150x150.jpg",150,150,true],"medium":["https:\/\/radioparquecde.com\/wp-content\/uploads\/2023\/03\/337274126_946987526487919_7087887777485185083_n-1-300x158.jpg",300,158,true],"medium_large":["https:\/\/radioparquecde.com\/wp-content\/uploads\/2023\/03\/337274126_946987526487919_7087887777485185083_n-1-768x403.jpg",640,336,true],"large":["https:\/\/radioparquecde.com\/wp-content\/uploads\/2023\/03\/337274126_946987526487919_7087887777485185083_n-1-1024x538.jpg",640,336,true],"1536x1536":["https:\/\/radioparquecde.com\/wp-content\/uploads\/2023\/03\/337274126_946987526487919_7087887777485185083_n-1.jpg",1200,630,false],"2048x2048":["https:\/\/radioparquecde.com\/wp-content\/uploads\/2023\/03\/337274126_946987526487919_7087887777485185083_n-1.jpg",1200,630,false],"newsphere-slider-full":["https:\/\/radioparquecde.com\/wp-content\/uploads\/2023\/03\/337274126_946987526487919_7087887777485185083_n-1.jpg",1200,630,false],"newsphere-featured":["https:\/\/radioparquecde.com\/wp-content\/uploads\/2023\/03\/337274126_946987526487919_7087887777485185083_n-1-1024x538.jpg",1024,538,true],"newsphere-medium":["https:\/\/radioparquecde.com\/wp-content\/uploads\/2023\/03\/337274126_946987526487919_7087887777485185083_n-1-720x380.jpg",720,380,true]},"author_info":{"display_name":"Editor","author_link":"https:\/\/radioparquecde.com\/index.php\/author\/editor\/"},"category_info":"<a href=\"https:\/\/radioparquecde.com\/index.php\/category\/noticias\/\" rel=\"category tag\">Noticias<\/a> <a href=\"https:\/\/radioparquecde.com\/index.php\/category\/noticias\/politica\/\" rel=\"category tag\">Pol\u00edtica<\/a>","tag_info":"Pol\u00edtica","comment_count":"0","_links":{"self":[{"href":"https:\/\/radioparquecde.com\/index.php\/wp-json\/wp\/v2\/posts\/8258","targetHints":{"allow":["GET"]}}],"collection":[{"href":"https:\/\/radioparquecde.com\/index.php\/wp-json\/wp\/v2\/posts"}],"about":[{"href":"https:\/\/radioparquecde.com\/index.php\/wp-json\/wp\/v2\/types\/post"}],"author":[{"embeddable":true,"href":"https:\/\/radioparquecde.com\/index.php\/wp-json\/wp\/v2\/users\/3"}],"replies":[{"embeddable":true,"href":"https:\/\/radioparquecde.com\/index.php\/wp-json\/wp\/v2\/comments?post=8258"}],"version-history":[{"count":1,"href":"https:\/\/radioparquecde.com\/index.php\/wp-json\/wp\/v2\/posts\/8258\/revisions"}],"predecessor-version":[{"id":8262,"href":"https:\/\/radioparquecde.com\/index.php\/wp-json\/wp\/v2\/posts\/8258\/revisions\/8262"}],"wp:featuredmedia":[{"embeddable":true,"href":"https:\/\/radioparquecde.com\/index.php\/wp-json\/wp\/v2\/media\/8261"}],"wp:attachment":[{"href":"https:\/\/radioparquecde.com\/index.php\/wp-json\/wp\/v2\/media?parent=8258"}],"wp:term":[{"taxonomy":"category","embeddable":true,"href":"https:\/\/radioparquecde.com\/index.php\/wp-json\/wp\/v2\/categories?post=8258"},{"taxonomy":"post_tag","embeddable":true,"href":"https:\/\/radioparquecde.com\/index.php\/wp-json\/wp\/v2\/tags?post=8258"}],"curies":[{"name":"wp","href":"https:\/\/api.w.org\/{rel}","templated":true}]}}