{"id":8278,"date":"2023-03-27T07:19:16","date_gmt":"2023-03-27T11:19:16","guid":{"rendered":"https:\/\/radioparquecde.com\/?p=8278"},"modified":"2023-03-27T07:19:17","modified_gmt":"2023-03-27T11:19:17","slug":"5-fallecidos-en-accidente-de-transito-en-hernandarias","status":"publish","type":"post","link":"https:\/\/radioparquecde.com\/index.php\/2023\/03\/27\/5-fallecidos-en-accidente-de-transito-en-hernandarias\/","title":{"rendered":"5 fallecidos en accidente de tr\u00e1nsito en Hernandarias"},"content":{"rendered":"\n<p>Un abuelo y sus cuatro nietos murieron durante un violento accidente de tr\u00e1nsito que involucr\u00f3 a un autom\u00f3vil y un cami\u00f3n de porte mediano. El percance se registr\u00f3 alrededor de las 18:00 del s\u00e1bado, en el en el km 53 de la Ruta PY07, a la altura de la colonia Maracamu\u00e1 de este distrito. El accidente arroj\u00f3 adem\u00e1s tres heridos de consideraci\u00f3n. Seg\u00fan los datos, el adelantamiento indebido de uno de los rodados habr\u00eda ocasionado la mortal colisi\u00f3n.<\/p>\n\n\n\n<figure class=\"wp-block-image size-large\"><img loading=\"lazy\" decoding=\"async\" width=\"1024\" height=\"572\" src=\"https:\/\/radioparquecde.com\/wp-content\/uploads\/2023\/03\/338001752_2729866243822353_5616273826024930300_n-1024x572.jpg\" alt=\"\" class=\"wp-image-8280\" srcset=\"https:\/\/radioparquecde.com\/wp-content\/uploads\/2023\/03\/338001752_2729866243822353_5616273826024930300_n-1024x572.jpg 1024w, https:\/\/radioparquecde.com\/wp-content\/uploads\/2023\/03\/338001752_2729866243822353_5616273826024930300_n-300x167.jpg 300w, https:\/\/radioparquecde.com\/wp-content\/uploads\/2023\/03\/338001752_2729866243822353_5616273826024930300_n-768x429.jpg 768w, https:\/\/radioparquecde.com\/wp-content\/uploads\/2023\/03\/338001752_2729866243822353_5616273826024930300_n.jpg 1170w\" sizes=\"auto, (max-width: 1024px) 100vw, 1024px\" \/><\/figure>\n\n\n\n<p>Las v\u00edctimas fatales fueron identificadas como Pantale\u00f3n Ortega Meza, de 66 a\u00f1os, conductor de un autom\u00f3vil Toyota Corolla CE-100, con matr\u00edcula AJH 844, y sus nietos de 2, 4 y 8 a\u00f1os de edad. Estos tres \u00faltimos son hijos de M\u00f3nica Evelin Meza, de 26 a\u00f1os, quien tambi\u00e9n estaba dentro del auto y sufri\u00f3 lesiones de consideraci\u00f3n al igual que su otra hija de 12 a\u00f1os.<\/p>\n\n\n\n<p>La familia se desplazaba sobre la mencionada ruta cuando chocaron contra un cami\u00f3n de mediano porte de la marca Hyundai, chapa AABY 967, perteneciente a la distribuidora de l\u00e1cteos Tr\u00e9bol. Este \u00faltimo rodado estaba guiado por Daniel Ram\u00f3n Garrido, de 45 a\u00f1os, que luego de la colisi\u00f3n volc\u00f3 y sufri\u00f3 lesiones.<\/p>\n\n\n\n<p>Los heridos fueron trasladados en patrulleras y ambulancias de bomberos hasta el hospital distrital de Hernandarias. All\u00ed el conductor del cami\u00f3n fue sometido a la prueba de alcotest, cuyo resultado fue negativo.<\/p>\n\n\n\n<p>Otra de las v\u00edctimas que estaba en estado delicado, lamentablemente falleci\u00f3 ayer a la tarde. Se trata de Miguela Luj\u00e1n Meza Paiva, de 12 a\u00f1os.<\/p>\n\n\n\n<p><\/p>\n","protected":false},"excerpt":{"rendered":"<p>Un abuelo y sus cuatro nietos murieron durante un violento accidente de tr\u00e1nsito que involucr\u00f3&#8230;<\/p>\n","protected":false},"author":3,"featured_media":8281,"comment_status":"closed","ping_status":"closed","sticky":false,"template":"","format":"standard","meta":{"footnotes":""},"categories":[48,6],"tags":[],"class_list":["post-8278","post","type-post","status-publish","format-standard","has-post-thumbnail","hentry","category-alto-parana","category-noticias"],"featured_image_urls":{"full":["https:\/\/radioparquecde.com\/wp-content\/uploads\/2023\/03\/338001752_2729866243822353_5616273826024930300_n-1.jpg",1170,653,false],"thumbnail":["https:\/\/radioparquecde.com\/wp-content\/uploads\/2023\/03\/338001752_2729866243822353_5616273826024930300_n-1-150x150.jpg",150,150,true],"medium":["https:\/\/radioparquecde.com\/wp-content\/uploads\/2023\/03\/338001752_2729866243822353_5616273826024930300_n-1-300x167.jpg",300,167,true],"medium_large":["https:\/\/radioparquecde.com\/wp-content\/uploads\/2023\/03\/338001752_2729866243822353_5616273826024930300_n-1-768x429.jpg",640,358,true],"large":["https:\/\/radioparquecde.com\/wp-content\/uploads\/2023\/03\/338001752_2729866243822353_5616273826024930300_n-1-1024x572.jpg",640,358,true],"1536x1536":["https:\/\/radioparquecde.com\/wp-content\/uploads\/2023\/03\/338001752_2729866243822353_5616273826024930300_n-1.jpg",1170,653,false],"2048x2048":["https:\/\/radioparquecde.com\/wp-content\/uploads\/2023\/03\/338001752_2729866243822353_5616273826024930300_n-1.jpg",1170,653,false],"newsphere-slider-full":["https:\/\/radioparquecde.com\/wp-content\/uploads\/2023\/03\/338001752_2729866243822353_5616273826024930300_n-1.jpg",1170,653,false],"newsphere-featured":["https:\/\/radioparquecde.com\/wp-content\/uploads\/2023\/03\/338001752_2729866243822353_5616273826024930300_n-1-1024x572.jpg",1024,572,true],"newsphere-medium":["https:\/\/radioparquecde.com\/wp-content\/uploads\/2023\/03\/338001752_2729866243822353_5616273826024930300_n-1-720x380.jpg",720,380,true]},"author_info":{"display_name":"Editor","author_link":"https:\/\/radioparquecde.com\/index.php\/author\/editor\/"},"category_info":"<a href=\"https:\/\/radioparquecde.com\/index.php\/category\/alto-parana\/\" rel=\"category tag\">ALTO PARAN\u00c1<\/a> <a href=\"https:\/\/radioparquecde.com\/index.php\/category\/noticias\/\" rel=\"category tag\">Noticias<\/a>","tag_info":"Noticias","comment_count":"0","_links":{"self":[{"href":"https:\/\/radioparquecde.com\/index.php\/wp-json\/wp\/v2\/posts\/8278","targetHints":{"allow":["GET"]}}],"collection":[{"href":"https:\/\/radioparquecde.com\/index.php\/wp-json\/wp\/v2\/posts"}],"about":[{"href":"https:\/\/radioparquecde.com\/index.php\/wp-json\/wp\/v2\/types\/post"}],"author":[{"embeddable":true,"href":"https:\/\/radioparquecde.com\/index.php\/wp-json\/wp\/v2\/users\/3"}],"replies":[{"embeddable":true,"href":"https:\/\/radioparquecde.com\/index.php\/wp-json\/wp\/v2\/comments?post=8278"}],"version-history":[{"count":1,"href":"https:\/\/radioparquecde.com\/index.php\/wp-json\/wp\/v2\/posts\/8278\/revisions"}],"predecessor-version":[{"id":8282,"href":"https:\/\/radioparquecde.com\/index.php\/wp-json\/wp\/v2\/posts\/8278\/revisions\/8282"}],"wp:featuredmedia":[{"embeddable":true,"href":"https:\/\/radioparquecde.com\/index.php\/wp-json\/wp\/v2\/media\/8281"}],"wp:attachment":[{"href":"https:\/\/radioparquecde.com\/index.php\/wp-json\/wp\/v2\/media?parent=8278"}],"wp:term":[{"taxonomy":"category","embeddable":true,"href":"https:\/\/radioparquecde.com\/index.php\/wp-json\/wp\/v2\/categories?post=8278"},{"taxonomy":"post_tag","embeddable":true,"href":"https:\/\/radioparquecde.com\/index.php\/wp-json\/wp\/v2\/tags?post=8278"}],"curies":[{"name":"wp","href":"https:\/\/api.w.org\/{rel}","templated":true}]}}