{"id":8355,"date":"2023-03-28T08:04:35","date_gmt":"2023-03-28T12:04:35","guid":{"rendered":"https:\/\/radioparquecde.com\/?p=8355"},"modified":"2023-03-28T08:04:36","modified_gmt":"2023-03-28T12:04:36","slug":"realizaron-reconstruccion-del-secuestro-de-oscar-denis","status":"publish","type":"post","link":"https:\/\/radioparquecde.com\/index.php\/2023\/03\/28\/realizaron-reconstruccion-del-secuestro-de-oscar-denis\/","title":{"rendered":"Realizaron reconstrucci\u00f3n del secuestro de Oscar Denis"},"content":{"rendered":"\n<p>El fiscal Carlomagno Alvarenga, confirm\u00f3 que en la ma\u00f1ana del lunes se llev\u00f3 a cabo la reconstrucci\u00f3n del secuestro del exvicepresidente de la Rep\u00fablica, Oscar Denis, acontecido el 9 de septiembre de 2020.<\/p>\n\n\n\n<p>Explic\u00f3 que la diligencia tuvo el acompa\u00f1amiento del juez especializado en Crimen Organizado, Gustavo Amarilla y se llev\u00f3 a cabo con presencia del principal testigo del hecho, Adelio Mendoza, el pe\u00f3n de la estancia \u201cLa Tranquerita\u201d, quien tambi\u00e9n hab\u00eda sido llevado por los miembros del autodenominado Ej\u00e9rcito del Pueblo Paraguayo (EPP) y liberado d\u00edas despu\u00e9s.<\/p>\n\n\n\n<p>\u201cLa secuencia consisti\u00f3 en c\u00f3mo ocurrieron los hechos desde el mismo momento en que el grupo de personas, los secuestradores, integrantes del grupo EPP, le salen en el camino, y despu\u00e9s todo lo que prosigui\u00f3\u201d, explic\u00f3.<\/p>\n\n\n\n<figure class=\"wp-block-image size-large\"><img loading=\"lazy\" decoding=\"async\" width=\"1024\" height=\"714\" src=\"https:\/\/radioparquecde.com\/wp-content\/uploads\/2023\/03\/Oscar-Denis-1024x714.jpg\" alt=\"\" class=\"wp-image-8357\" srcset=\"https:\/\/radioparquecde.com\/wp-content\/uploads\/2023\/03\/Oscar-Denis-1024x714.jpg 1024w, https:\/\/radioparquecde.com\/wp-content\/uploads\/2023\/03\/Oscar-Denis-300x209.jpg 300w, https:\/\/radioparquecde.com\/wp-content\/uploads\/2023\/03\/Oscar-Denis-768x535.jpg 768w, https:\/\/radioparquecde.com\/wp-content\/uploads\/2023\/03\/Oscar-Denis-1536x1070.jpg 1536w, https:\/\/radioparquecde.com\/wp-content\/uploads\/2023\/03\/Oscar-Denis.jpg 1600w\" sizes=\"auto, (max-width: 1024px) 100vw, 1024px\" \/><\/figure>\n\n\n\n<p>El agente del Ministerio P\u00fablico relat\u00f3 que el procedimiento se extendi\u00f3 por varias horas y se hizo un recorrido de casi 3 kil\u00f3metros, llegando a una parte boscosa, hasta el punto donde los secuestrados fueron llevados en un primer momento y en donde se produjo la liberaci\u00f3n de Mendoza.<\/p>\n\n\n\n<p>\u201c\u00c9l iba explicando las cosas que \u00e9l pudo escuchar, las cosas que a \u00e9l le dec\u00edan, que \u00e9l se percataba que le indicaban al se\u00f1or Denis, en eso consisti\u00f3 la diligencia\u201d, expres\u00f3.<\/p>\n\n\n\n<p>Alvarenga record\u00f3 que por el secuestro de Oscar Denis ya hay personas identificadas, imputadas y que tienen \u00f3rdenes de captura. \u201cTenemos la investigaci\u00f3n ya bastante avanzada\u201d, acot\u00f3.<\/p>\n\n\n\n<p><\/p>\n\n\n\n<p><a href=\"https:\/\/soundcloud.com\/user-988331356\">Radio 1000 AM<\/a><\/p>\n\n\n\n<p><\/p>\n","protected":false},"excerpt":{"rendered":"<p>El fiscal Carlomagno Alvarenga, confirm\u00f3 que en la ma\u00f1ana del lunes se llev\u00f3 a cabo&#8230;<\/p>\n","protected":false},"author":3,"featured_media":8358,"comment_status":"closed","ping_status":"closed","sticky":false,"template":"","format":"standard","meta":{"footnotes":""},"categories":[6,47],"tags":[],"class_list":["post-8355","post","type-post","status-publish","format-standard","has-post-thumbnail","hentry","category-noticias","category-sucesos"],"featured_image_urls":{"full":["https:\/\/radioparquecde.com\/wp-content\/uploads\/2023\/03\/Oscar-Denis-1.jpg",1600,1115,false],"thumbnail":["https:\/\/radioparquecde.com\/wp-content\/uploads\/2023\/03\/Oscar-Denis-1-150x150.jpg",150,150,true],"medium":["https:\/\/radioparquecde.com\/wp-content\/uploads\/2023\/03\/Oscar-Denis-1-300x209.jpg",300,209,true],"medium_large":["https:\/\/radioparquecde.com\/wp-content\/uploads\/2023\/03\/Oscar-Denis-1-768x535.jpg",640,446,true],"large":["https:\/\/radioparquecde.com\/wp-content\/uploads\/2023\/03\/Oscar-Denis-1-1024x714.jpg",640,446,true],"1536x1536":["https:\/\/radioparquecde.com\/wp-content\/uploads\/2023\/03\/Oscar-Denis-1-1536x1070.jpg",1536,1070,true],"2048x2048":["https:\/\/radioparquecde.com\/wp-content\/uploads\/2023\/03\/Oscar-Denis-1.jpg",1600,1115,false],"newsphere-slider-full":["https:\/\/radioparquecde.com\/wp-content\/uploads\/2023\/03\/Oscar-Denis-1-1280x720.jpg",1280,720,true],"newsphere-featured":["https:\/\/radioparquecde.com\/wp-content\/uploads\/2023\/03\/Oscar-Denis-1-1024x714.jpg",1024,714,true],"newsphere-medium":["https:\/\/radioparquecde.com\/wp-content\/uploads\/2023\/03\/Oscar-Denis-1-720x380.jpg",720,380,true]},"author_info":{"display_name":"Editor","author_link":"https:\/\/radioparquecde.com\/index.php\/author\/editor\/"},"category_info":"<a href=\"https:\/\/radioparquecde.com\/index.php\/category\/noticias\/\" rel=\"category tag\">Noticias<\/a> <a href=\"https:\/\/radioparquecde.com\/index.php\/category\/sucesos\/\" rel=\"category tag\">SUCESOS<\/a>","tag_info":"SUCESOS","comment_count":"0","_links":{"self":[{"href":"https:\/\/radioparquecde.com\/index.php\/wp-json\/wp\/v2\/posts\/8355","targetHints":{"allow":["GET"]}}],"collection":[{"href":"https:\/\/radioparquecde.com\/index.php\/wp-json\/wp\/v2\/posts"}],"about":[{"href":"https:\/\/radioparquecde.com\/index.php\/wp-json\/wp\/v2\/types\/post"}],"author":[{"embeddable":true,"href":"https:\/\/radioparquecde.com\/index.php\/wp-json\/wp\/v2\/users\/3"}],"replies":[{"embeddable":true,"href":"https:\/\/radioparquecde.com\/index.php\/wp-json\/wp\/v2\/comments?post=8355"}],"version-history":[{"count":1,"href":"https:\/\/radioparquecde.com\/index.php\/wp-json\/wp\/v2\/posts\/8355\/revisions"}],"predecessor-version":[{"id":8359,"href":"https:\/\/radioparquecde.com\/index.php\/wp-json\/wp\/v2\/posts\/8355\/revisions\/8359"}],"wp:featuredmedia":[{"embeddable":true,"href":"https:\/\/radioparquecde.com\/index.php\/wp-json\/wp\/v2\/media\/8358"}],"wp:attachment":[{"href":"https:\/\/radioparquecde.com\/index.php\/wp-json\/wp\/v2\/media?parent=8355"}],"wp:term":[{"taxonomy":"category","embeddable":true,"href":"https:\/\/radioparquecde.com\/index.php\/wp-json\/wp\/v2\/categories?post=8355"},{"taxonomy":"post_tag","embeddable":true,"href":"https:\/\/radioparquecde.com\/index.php\/wp-json\/wp\/v2\/tags?post=8355"}],"curies":[{"name":"wp","href":"https:\/\/api.w.org\/{rel}","templated":true}]}}