{"id":8408,"date":"2023-03-29T09:18:02","date_gmt":"2023-03-29T13:18:02","guid":{"rendered":"https:\/\/radioparquecde.com\/?p=8408"},"modified":"2023-03-29T09:18:04","modified_gmt":"2023-03-29T13:18:04","slug":"cae-presunto-secuestrador-de-ganadero","status":"publish","type":"post","link":"https:\/\/radioparquecde.com\/index.php\/2023\/03\/29\/cae-presunto-secuestrador-de-ganadero\/","title":{"rendered":"Cae presunto secuestrador de ganadero"},"content":{"rendered":"\n<p>El comisario Nimio Cardozo, jefe del Departamento Antisecuestro de Personas de la Polic\u00eda Nacional, confirm\u00f3 que un operativo llevado a cabo en la ma\u00f1ana de este mi\u00e9rcoles fue detenido Joel Acosta Rojas, presunto implicado en el secuestro de Mart\u00edn Hartmann, ocurrido en el a\u00f1o 2016, en el distrito de Alto Ver\u00e1, Departamento de Itap\u00faa.<\/p>\n\n\n\n<p>El jefe policial explic\u00f3 que el hombre era vecino de la v\u00edctima y supuestamente fue quien dio toda la informaci\u00f3n a la organizaci\u00f3n que perpetr\u00f3 el hecho. Dijo que Acosta Rojas estaba pr\u00f3fugo de la justicia desde hace 7 a\u00f1os y se maneja la informaci\u00f3n de que viv\u00eda en la Rep\u00fablica Argentina.<\/p>\n\n\n\n<figure class=\"wp-block-image size-full\"><img loading=\"lazy\" decoding=\"async\" width=\"1003\" height=\"803\" src=\"https:\/\/radioparquecde.com\/wp-content\/uploads\/2023\/03\/Cae-presunto-secuestrador-de-ganadero-29-03-2023.jpg\" alt=\"\" class=\"wp-image-8410\" srcset=\"https:\/\/radioparquecde.com\/wp-content\/uploads\/2023\/03\/Cae-presunto-secuestrador-de-ganadero-29-03-2023.jpg 1003w, https:\/\/radioparquecde.com\/wp-content\/uploads\/2023\/03\/Cae-presunto-secuestrador-de-ganadero-29-03-2023-300x240.jpg 300w, https:\/\/radioparquecde.com\/wp-content\/uploads\/2023\/03\/Cae-presunto-secuestrador-de-ganadero-29-03-2023-768x615.jpg 768w\" sizes=\"auto, (max-width: 1003px) 100vw, 1003px\" \/><\/figure>\n\n\n\n<p>\u201cCon esta detenci\u00f3n tenemos a 4 capturados, faltar\u00eda el l\u00edder que est\u00e1 en territorio argentino\u201d, refiri\u00f3.<\/p>\n\n\n\n<p>El ganadero Mart\u00edn Hartmann fue hallado sano y salvo en una zona de monte de la compa\u00f1\u00eda Perlita, en Alto Ver\u00e1, Itap\u00faa, \u201cluego de que el \u2018anillo\u2019 policial desplegado volviera la situaci\u00f3n insostenible para los captores quienes, al verse acorralados y ante la inminente llegada de la Polic\u00eda, decidieron liberar al secuestrado\u201d, seg\u00fan se hab\u00eda se\u00f1alado en aquel entonces desde el Ministerio del Interior.<\/p>\n\n\n\n<p>Se mencion\u00f3 tambi\u00e9n que los captores hab\u00edan pedido 300 mil d\u00f3lares para liberar al secuestrado, pero que el pago no se verific\u00f3.<\/p>\n\n\n\n<p>#1000am<\/p>\n\n\n\n<p><\/p>\n","protected":false},"excerpt":{"rendered":"<p>El comisario Nimio Cardozo, jefe del Departamento Antisecuestro de Personas de la Polic\u00eda Nacional, confirm\u00f3&#8230;<\/p>\n","protected":false},"author":3,"featured_media":8411,"comment_status":"closed","ping_status":"closed","sticky":false,"template":"","format":"standard","meta":{"footnotes":""},"categories":[2,6],"tags":[],"class_list":["post-8408","post","type-post","status-publish","format-standard","has-post-thumbnail","hentry","category-destacadas","category-noticias"],"featured_image_urls":{"full":["https:\/\/radioparquecde.com\/wp-content\/uploads\/2023\/03\/Cae-presunto-secuestrador-de-ganadero-29-03-2023-1.jpg",1003,803,false],"thumbnail":["https:\/\/radioparquecde.com\/wp-content\/uploads\/2023\/03\/Cae-presunto-secuestrador-de-ganadero-29-03-2023-1-150x150.jpg",150,150,true],"medium":["https:\/\/radioparquecde.com\/wp-content\/uploads\/2023\/03\/Cae-presunto-secuestrador-de-ganadero-29-03-2023-1-300x240.jpg",300,240,true],"medium_large":["https:\/\/radioparquecde.com\/wp-content\/uploads\/2023\/03\/Cae-presunto-secuestrador-de-ganadero-29-03-2023-1-768x615.jpg",640,513,true],"large":["https:\/\/radioparquecde.com\/wp-content\/uploads\/2023\/03\/Cae-presunto-secuestrador-de-ganadero-29-03-2023-1.jpg",640,512,false],"1536x1536":["https:\/\/radioparquecde.com\/wp-content\/uploads\/2023\/03\/Cae-presunto-secuestrador-de-ganadero-29-03-2023-1.jpg",1003,803,false],"2048x2048":["https:\/\/radioparquecde.com\/wp-content\/uploads\/2023\/03\/Cae-presunto-secuestrador-de-ganadero-29-03-2023-1.jpg",1003,803,false],"newsphere-slider-full":["https:\/\/radioparquecde.com\/wp-content\/uploads\/2023\/03\/Cae-presunto-secuestrador-de-ganadero-29-03-2023-1-1003x720.jpg",1003,720,true],"newsphere-featured":["https:\/\/radioparquecde.com\/wp-content\/uploads\/2023\/03\/Cae-presunto-secuestrador-de-ganadero-29-03-2023-1.jpg",1003,803,false],"newsphere-medium":["https:\/\/radioparquecde.com\/wp-content\/uploads\/2023\/03\/Cae-presunto-secuestrador-de-ganadero-29-03-2023-1-720x380.jpg",720,380,true]},"author_info":{"display_name":"Editor","author_link":"https:\/\/radioparquecde.com\/index.php\/author\/editor\/"},"category_info":"<a href=\"https:\/\/radioparquecde.com\/index.php\/category\/noticias\/destacadas\/\" rel=\"category tag\">Destacadas<\/a> <a href=\"https:\/\/radioparquecde.com\/index.php\/category\/noticias\/\" rel=\"category tag\">Noticias<\/a>","tag_info":"Noticias","comment_count":"0","_links":{"self":[{"href":"https:\/\/radioparquecde.com\/index.php\/wp-json\/wp\/v2\/posts\/8408","targetHints":{"allow":["GET"]}}],"collection":[{"href":"https:\/\/radioparquecde.com\/index.php\/wp-json\/wp\/v2\/posts"}],"about":[{"href":"https:\/\/radioparquecde.com\/index.php\/wp-json\/wp\/v2\/types\/post"}],"author":[{"embeddable":true,"href":"https:\/\/radioparquecde.com\/index.php\/wp-json\/wp\/v2\/users\/3"}],"replies":[{"embeddable":true,"href":"https:\/\/radioparquecde.com\/index.php\/wp-json\/wp\/v2\/comments?post=8408"}],"version-history":[{"count":1,"href":"https:\/\/radioparquecde.com\/index.php\/wp-json\/wp\/v2\/posts\/8408\/revisions"}],"predecessor-version":[{"id":8412,"href":"https:\/\/radioparquecde.com\/index.php\/wp-json\/wp\/v2\/posts\/8408\/revisions\/8412"}],"wp:featuredmedia":[{"embeddable":true,"href":"https:\/\/radioparquecde.com\/index.php\/wp-json\/wp\/v2\/media\/8411"}],"wp:attachment":[{"href":"https:\/\/radioparquecde.com\/index.php\/wp-json\/wp\/v2\/media?parent=8408"}],"wp:term":[{"taxonomy":"category","embeddable":true,"href":"https:\/\/radioparquecde.com\/index.php\/wp-json\/wp\/v2\/categories?post=8408"},{"taxonomy":"post_tag","embeddable":true,"href":"https:\/\/radioparquecde.com\/index.php\/wp-json\/wp\/v2\/tags?post=8408"}],"curies":[{"name":"wp","href":"https:\/\/api.w.org\/{rel}","templated":true}]}}