{"id":8460,"date":"2023-03-30T14:55:37","date_gmt":"2023-03-30T18:55:37","guid":{"rendered":"https:\/\/radioparquecde.com\/?p=8460"},"modified":"2023-03-30T14:55:38","modified_gmt":"2023-03-30T18:55:38","slug":"aprobaron-presentacion-de-demanda-penal-contra-exfiscal-general","status":"publish","type":"post","link":"https:\/\/radioparquecde.com\/index.php\/2023\/03\/30\/aprobaron-presentacion-de-demanda-penal-contra-exfiscal-general\/","title":{"rendered":"Aprobaron presentaci\u00f3n de demanda penal contra exfiscal general"},"content":{"rendered":"\n<p>La C\u00e1mara de Senadores aprob\u00f3 el proyecto de resoluci\u00f3n para presentar una denuncia penal contra la exfiscal general del Estado, Sandra Qui\u00f1onez. El documento contra la extitular del Ministerio P\u00fablico abarca \u201cmal desempe\u00f1o en el ejercicio de sus funciones (prevaricato)\u201d.<\/p>\n\n\n\n<p>El presidente del Senado, \u00d3scar Salom\u00f3n, dijo que la pr\u00f3xima semana ya estar\u00edan presentando la demanda penal tal como resolvi\u00f3 la C\u00e1mara Alta.<\/p>\n\n\n\n<figure class=\"wp-block-image size-large\"><img loading=\"lazy\" decoding=\"async\" width=\"1024\" height=\"683\" src=\"https:\/\/radioparquecde.com\/wp-content\/uploads\/2023\/03\/5e067e36a97ed87e3ded83ff-1024x683.jpg\" alt=\"\" class=\"wp-image-8462\" srcset=\"https:\/\/radioparquecde.com\/wp-content\/uploads\/2023\/03\/5e067e36a97ed87e3ded83ff-1024x683.jpg 1024w, https:\/\/radioparquecde.com\/wp-content\/uploads\/2023\/03\/5e067e36a97ed87e3ded83ff-300x200.jpg 300w, https:\/\/radioparquecde.com\/wp-content\/uploads\/2023\/03\/5e067e36a97ed87e3ded83ff-768x512.jpg 768w, https:\/\/radioparquecde.com\/wp-content\/uploads\/2023\/03\/5e067e36a97ed87e3ded83ff.jpg 1200w\" sizes=\"auto, (max-width: 1024px) 100vw, 1024px\" \/><\/figure>\n","protected":false},"excerpt":{"rendered":"<p>La C\u00e1mara de Senadores aprob\u00f3 el proyecto de resoluci\u00f3n para presentar una denuncia penal contra&#8230;<\/p>\n","protected":false},"author":3,"featured_media":8463,"comment_status":"closed","ping_status":"closed","sticky":false,"template":"","format":"standard","meta":{"footnotes":""},"categories":[2,6],"tags":[],"class_list":["post-8460","post","type-post","status-publish","format-standard","has-post-thumbnail","hentry","category-destacadas","category-noticias"],"featured_image_urls":{"full":["https:\/\/radioparquecde.com\/wp-content\/uploads\/2023\/03\/5e067e36a97ed87e3ded83ff-1.jpg",1200,800,false],"thumbnail":["https:\/\/radioparquecde.com\/wp-content\/uploads\/2023\/03\/5e067e36a97ed87e3ded83ff-1-150x150.jpg",150,150,true],"medium":["https:\/\/radioparquecde.com\/wp-content\/uploads\/2023\/03\/5e067e36a97ed87e3ded83ff-1-300x200.jpg",300,200,true],"medium_large":["https:\/\/radioparquecde.com\/wp-content\/uploads\/2023\/03\/5e067e36a97ed87e3ded83ff-1-768x512.jpg",640,427,true],"large":["https:\/\/radioparquecde.com\/wp-content\/uploads\/2023\/03\/5e067e36a97ed87e3ded83ff-1-1024x683.jpg",640,427,true],"1536x1536":["https:\/\/radioparquecde.com\/wp-content\/uploads\/2023\/03\/5e067e36a97ed87e3ded83ff-1.jpg",1200,800,false],"2048x2048":["https:\/\/radioparquecde.com\/wp-content\/uploads\/2023\/03\/5e067e36a97ed87e3ded83ff-1.jpg",1200,800,false],"newsphere-slider-full":["https:\/\/radioparquecde.com\/wp-content\/uploads\/2023\/03\/5e067e36a97ed87e3ded83ff-1-1200x720.jpg",1200,720,true],"newsphere-featured":["https:\/\/radioparquecde.com\/wp-content\/uploads\/2023\/03\/5e067e36a97ed87e3ded83ff-1-1024x683.jpg",1024,683,true],"newsphere-medium":["https:\/\/radioparquecde.com\/wp-content\/uploads\/2023\/03\/5e067e36a97ed87e3ded83ff-1-720x380.jpg",720,380,true]},"author_info":{"display_name":"Editor","author_link":"https:\/\/radioparquecde.com\/index.php\/author\/editor\/"},"category_info":"<a href=\"https:\/\/radioparquecde.com\/index.php\/category\/noticias\/destacadas\/\" rel=\"category tag\">Destacadas<\/a> <a href=\"https:\/\/radioparquecde.com\/index.php\/category\/noticias\/\" rel=\"category tag\">Noticias<\/a>","tag_info":"Noticias","comment_count":"0","_links":{"self":[{"href":"https:\/\/radioparquecde.com\/index.php\/wp-json\/wp\/v2\/posts\/8460","targetHints":{"allow":["GET"]}}],"collection":[{"href":"https:\/\/radioparquecde.com\/index.php\/wp-json\/wp\/v2\/posts"}],"about":[{"href":"https:\/\/radioparquecde.com\/index.php\/wp-json\/wp\/v2\/types\/post"}],"author":[{"embeddable":true,"href":"https:\/\/radioparquecde.com\/index.php\/wp-json\/wp\/v2\/users\/3"}],"replies":[{"embeddable":true,"href":"https:\/\/radioparquecde.com\/index.php\/wp-json\/wp\/v2\/comments?post=8460"}],"version-history":[{"count":1,"href":"https:\/\/radioparquecde.com\/index.php\/wp-json\/wp\/v2\/posts\/8460\/revisions"}],"predecessor-version":[{"id":8464,"href":"https:\/\/radioparquecde.com\/index.php\/wp-json\/wp\/v2\/posts\/8460\/revisions\/8464"}],"wp:featuredmedia":[{"embeddable":true,"href":"https:\/\/radioparquecde.com\/index.php\/wp-json\/wp\/v2\/media\/8463"}],"wp:attachment":[{"href":"https:\/\/radioparquecde.com\/index.php\/wp-json\/wp\/v2\/media?parent=8460"}],"wp:term":[{"taxonomy":"category","embeddable":true,"href":"https:\/\/radioparquecde.com\/index.php\/wp-json\/wp\/v2\/categories?post=8460"},{"taxonomy":"post_tag","embeddable":true,"href":"https:\/\/radioparquecde.com\/index.php\/wp-json\/wp\/v2\/tags?post=8460"}],"curies":[{"name":"wp","href":"https:\/\/api.w.org\/{rel}","templated":true}]}}