{"id":8748,"date":"2023-04-11T08:03:18","date_gmt":"2023-04-11T12:03:18","guid":{"rendered":"https:\/\/radioparquecde.com\/?p=8748"},"modified":"2023-04-11T08:03:21","modified_gmt":"2023-04-11T12:03:21","slug":"condenan-a-28-anos-de-carcel-a-implicado-en-cuadruple-homicidio","status":"publish","type":"post","link":"https:\/\/radioparquecde.com\/index.php\/2023\/04\/11\/condenan-a-28-anos-de-carcel-a-implicado-en-cuadruple-homicidio\/","title":{"rendered":"Condenan a 28 a\u00f1os de c\u00e1rcel a implicado en cu\u00e1druple homicidio"},"content":{"rendered":"\n<p>El <a><\/a>Tribunal de Sentencia integrado por los magistrados Zunilda Mart\u00ednez, Marino M\u00e9ndez y Herminio Montiel conden\u00f3 a 28 a\u00f1os de c\u00e1rcel a un joven acusado por cu\u00e1druple homicidio ocurrido en el 2020 en la ciudad de Presidente Franco. Se trata de Miguel \u00c1ngel Caballero Rodr\u00edguez (23), alias \u201cPapalo\u201d, quien conoci\u00f3 su condena durante un juicio oral y p\u00fablico que concluy\u00f3 el lunes en el Palacio de Justicia de Ciudad del Este.<\/p>\n\n\n\n<p>La pena aplicada fue en calidad de coautor, pero teniendo en cuenta que fueron cuatro v\u00edctimas, se dio el concurso para elevar el marco penal a 30 a\u00f1os. Todas las pruebas presentadas por la fiscal Viviana S\u00e1nchez convencieron al tribunal sobre la existencia del hecho y la participaci\u00f3n del acusado.<\/p>\n\n\n\n<p>El cu\u00e1druple homicidio hab\u00eda ocurrido en la casa de la hermana \u201cPapalo\u201d, ubicada en el barrio Tres Fronteras de Presidente Franco. En esa \u00e9poca el ahora condenado se encargaba de la residencia, ya que la due\u00f1a viv\u00eda en Asunci\u00f3n. Es as\u00ed, que el 12 de enero del 2020, compart\u00edan una ronda de tragos el ahora enjuiciado, el coautor Gabriel Ram\u00edrez Dom\u00ednguez (pr\u00f3fugo) y las v\u00edctimas: Juli\u00e1n Samuel Duarte Rodr\u00edguez (20), Edilio Fernando Villalba Oviedo (46), Carina Soledad Villalba Gim\u00e9nez (16) y Edgar Villalba Gim\u00e9nez (21). Posteriormente, a las 02:00 horas ya del 13 de enero, los criminales efectuaron varios disparos contra la humanidad de los dem\u00e1s participantes.<\/p>\n\n\n\n<figure class=\"wp-block-image size-large\"><img loading=\"lazy\" decoding=\"async\" width=\"768\" height=\"1024\" src=\"https:\/\/radioparquecde.com\/wp-content\/uploads\/2023\/04\/340939703_742107640977745_7058201883902288781_n-768x1024.jpg\" alt=\"\" class=\"wp-image-8751\" srcset=\"https:\/\/radioparquecde.com\/wp-content\/uploads\/2023\/04\/340939703_742107640977745_7058201883902288781_n-768x1024.jpg 768w, https:\/\/radioparquecde.com\/wp-content\/uploads\/2023\/04\/340939703_742107640977745_7058201883902288781_n-225x300.jpg 225w, https:\/\/radioparquecde.com\/wp-content\/uploads\/2023\/04\/340939703_742107640977745_7058201883902288781_n.jpg 774w\" sizes=\"auto, (max-width: 768px) 100vw, 768px\" \/><\/figure>\n\n\n\n<p>Tras consumar el hecho, arrastraron los cuerpos sin vida hasta un bald\u00edo ubicado a unos 50 metros de la casa y los desecharon junto con varias evidencias como trapos, alfombras y ropas con rastros de sangre. A las 05:00 de la ma\u00f1ana, Miguel \u00c1ngel entreg\u00f3 la llave de la residencia a su mam\u00e1, alegando que hab\u00eda sucedido algo muy feo, para darse a la fuga con los dem\u00e1s involucrados. Dos semanas despu\u00e9s del hecho \u201cPapalo\u201d fue aprehendido en Encarnaci\u00f3n (Itap\u00faa) tras cometer un asalto domiciliario y enfrentarse a agentes policiales. En esa oportunidad portaba una pistola calibre 9mm que fue usada en el cu\u00e1druple homicidio.<\/p>\n","protected":false},"excerpt":{"rendered":"<p>El Tribunal de Sentencia integrado por los magistrados Zunilda Mart\u00ednez, Marino M\u00e9ndez y Herminio Montiel&#8230;<\/p>\n","protected":false},"author":3,"featured_media":8752,"comment_status":"closed","ping_status":"closed","sticky":false,"template":"","format":"standard","meta":{"footnotes":""},"categories":[48,6],"tags":[],"class_list":["post-8748","post","type-post","status-publish","format-standard","has-post-thumbnail","hentry","category-alto-parana","category-noticias"],"featured_image_urls":{"full":["https:\/\/radioparquecde.com\/wp-content\/uploads\/2023\/04\/340939703_742107640977745_7058201883902288781_n-1.jpg",774,1032,false],"thumbnail":["https:\/\/radioparquecde.com\/wp-content\/uploads\/2023\/04\/340939703_742107640977745_7058201883902288781_n-1-150x150.jpg",150,150,true],"medium":["https:\/\/radioparquecde.com\/wp-content\/uploads\/2023\/04\/340939703_742107640977745_7058201883902288781_n-1-225x300.jpg",225,300,true],"medium_large":["https:\/\/radioparquecde.com\/wp-content\/uploads\/2023\/04\/340939703_742107640977745_7058201883902288781_n-1-768x1024.jpg",640,853,true],"large":["https:\/\/radioparquecde.com\/wp-content\/uploads\/2023\/04\/340939703_742107640977745_7058201883902288781_n-1-768x1024.jpg",640,853,true],"1536x1536":["https:\/\/radioparquecde.com\/wp-content\/uploads\/2023\/04\/340939703_742107640977745_7058201883902288781_n-1.jpg",774,1032,false],"2048x2048":["https:\/\/radioparquecde.com\/wp-content\/uploads\/2023\/04\/340939703_742107640977745_7058201883902288781_n-1.jpg",774,1032,false],"newsphere-slider-full":["https:\/\/radioparquecde.com\/wp-content\/uploads\/2023\/04\/340939703_742107640977745_7058201883902288781_n-1-774x720.jpg",774,720,true],"newsphere-featured":["https:\/\/radioparquecde.com\/wp-content\/uploads\/2023\/04\/340939703_742107640977745_7058201883902288781_n-1.jpg",774,1032,false],"newsphere-medium":["https:\/\/radioparquecde.com\/wp-content\/uploads\/2023\/04\/340939703_742107640977745_7058201883902288781_n-1-720x380.jpg",720,380,true]},"author_info":{"display_name":"Editor","author_link":"https:\/\/radioparquecde.com\/index.php\/author\/editor\/"},"category_info":"<a href=\"https:\/\/radioparquecde.com\/index.php\/category\/alto-parana\/\" rel=\"category tag\">ALTO PARAN\u00c1<\/a> <a href=\"https:\/\/radioparquecde.com\/index.php\/category\/noticias\/\" rel=\"category tag\">Noticias<\/a>","tag_info":"Noticias","comment_count":"0","_links":{"self":[{"href":"https:\/\/radioparquecde.com\/index.php\/wp-json\/wp\/v2\/posts\/8748","targetHints":{"allow":["GET"]}}],"collection":[{"href":"https:\/\/radioparquecde.com\/index.php\/wp-json\/wp\/v2\/posts"}],"about":[{"href":"https:\/\/radioparquecde.com\/index.php\/wp-json\/wp\/v2\/types\/post"}],"author":[{"embeddable":true,"href":"https:\/\/radioparquecde.com\/index.php\/wp-json\/wp\/v2\/users\/3"}],"replies":[{"embeddable":true,"href":"https:\/\/radioparquecde.com\/index.php\/wp-json\/wp\/v2\/comments?post=8748"}],"version-history":[{"count":1,"href":"https:\/\/radioparquecde.com\/index.php\/wp-json\/wp\/v2\/posts\/8748\/revisions"}],"predecessor-version":[{"id":8753,"href":"https:\/\/radioparquecde.com\/index.php\/wp-json\/wp\/v2\/posts\/8748\/revisions\/8753"}],"wp:featuredmedia":[{"embeddable":true,"href":"https:\/\/radioparquecde.com\/index.php\/wp-json\/wp\/v2\/media\/8752"}],"wp:attachment":[{"href":"https:\/\/radioparquecde.com\/index.php\/wp-json\/wp\/v2\/media?parent=8748"}],"wp:term":[{"taxonomy":"category","embeddable":true,"href":"https:\/\/radioparquecde.com\/index.php\/wp-json\/wp\/v2\/categories?post=8748"},{"taxonomy":"post_tag","embeddable":true,"href":"https:\/\/radioparquecde.com\/index.php\/wp-json\/wp\/v2\/tags?post=8748"}],"curies":[{"name":"wp","href":"https:\/\/api.w.org\/{rel}","templated":true}]}}