{"id":8941,"date":"2023-04-14T11:19:54","date_gmt":"2023-04-14T15:19:54","guid":{"rendered":"https:\/\/radioparquecde.com\/?p=8941"},"modified":"2023-04-14T11:19:55","modified_gmt":"2023-04-14T15:19:55","slug":"detienen-a-presunto-implicado-en-el-asesinato-de-jose-carlos-acevedo","status":"publish","type":"post","link":"https:\/\/radioparquecde.com\/index.php\/2023\/04\/14\/detienen-a-presunto-implicado-en-el-asesinato-de-jose-carlos-acevedo\/","title":{"rendered":"Detienen a presunto implicado en el asesinato de Jos\u00e9 Carlos Acevedo"},"content":{"rendered":"\n<p>El fiscal Federico Delfino inform\u00f3 este viernes sobre la detenci\u00f3n de una persona que presuntamente particip\u00f3 en el homicidio del intendente de Pedro Juan Caballero Jos\u00e9 Carlos Acevedo. <\/p>\n\n\n\n<p>El crimen ocurri\u00f3 el a\u00f1o pasado.<\/p>\n\n\n\n<p>El fiscal Federico Delfino indic\u00f3\u00a0 que este viernes lograron la detenci\u00f3n de un hombre identificado como Rodney Ariel Rivarola, quien es sindicado como una de las personas que participaron en el asesinato de intendente de Pedro Juan Caballero Jos\u00e9 Carlos Acevedo, ocurrido en el 2022.<\/p>\n\n\n\n<figure class=\"wp-block-image size-full\"><img loading=\"lazy\" decoding=\"async\" width=\"410\" height=\"730\" src=\"https:\/\/radioparquecde.com\/wp-content\/uploads\/2023\/04\/detenido-pjcjpg.webp\" alt=\"\" class=\"wp-image-8943\" srcset=\"https:\/\/radioparquecde.com\/wp-content\/uploads\/2023\/04\/detenido-pjcjpg.webp 410w, https:\/\/radioparquecde.com\/wp-content\/uploads\/2023\/04\/detenido-pjcjpg-168x300.webp 168w\" sizes=\"auto, (max-width: 410px) 100vw, 410px\" \/><\/figure>\n\n\n\n<p>\u00abEs un procedimiento que acabamos de concluir. Esta persona intent\u00f3 darse a la fuga, pero fue reducido por el personal policial\u00bb, explic\u00f3 e indic\u00f3 que la vinculaci\u00f3n de Rivarola con el crimen, por el momento, tiene que ver con el arma de fuego que se us\u00f3 para perpetrar el homicidio.<\/p>\n\n\n\n<p>El detenido est\u00e1 siendo trasladado a la ciudad de Asunci\u00f3n y estar\u00e1 a disposici\u00f3n del Juzgado Penal de Garant\u00edas.<\/p>\n","protected":false},"excerpt":{"rendered":"<p>El fiscal Federico Delfino inform\u00f3 este viernes sobre la detenci\u00f3n de una persona que presuntamente&#8230;<\/p>\n","protected":false},"author":3,"featured_media":8944,"comment_status":"closed","ping_status":"closed","sticky":false,"template":"","format":"standard","meta":{"footnotes":""},"categories":[2,6],"tags":[],"class_list":["post-8941","post","type-post","status-publish","format-standard","has-post-thumbnail","hentry","category-destacadas","category-noticias"],"featured_image_urls":{"full":["https:\/\/radioparquecde.com\/wp-content\/uploads\/2023\/04\/detenido-pjcjpg-1.webp",410,730,false],"thumbnail":["https:\/\/radioparquecde.com\/wp-content\/uploads\/2023\/04\/detenido-pjcjpg-1-150x150.webp",150,150,true],"medium":["https:\/\/radioparquecde.com\/wp-content\/uploads\/2023\/04\/detenido-pjcjpg-1-168x300.webp",168,300,true],"medium_large":["https:\/\/radioparquecde.com\/wp-content\/uploads\/2023\/04\/detenido-pjcjpg-1.webp",410,730,false],"large":["https:\/\/radioparquecde.com\/wp-content\/uploads\/2023\/04\/detenido-pjcjpg-1.webp",410,730,false],"1536x1536":["https:\/\/radioparquecde.com\/wp-content\/uploads\/2023\/04\/detenido-pjcjpg-1.webp",410,730,false],"2048x2048":["https:\/\/radioparquecde.com\/wp-content\/uploads\/2023\/04\/detenido-pjcjpg-1.webp",410,730,false],"newsphere-slider-full":["https:\/\/radioparquecde.com\/wp-content\/uploads\/2023\/04\/detenido-pjcjpg-1-410x720.webp",410,720,true],"newsphere-featured":["https:\/\/radioparquecde.com\/wp-content\/uploads\/2023\/04\/detenido-pjcjpg-1.webp",410,730,false],"newsphere-medium":["https:\/\/radioparquecde.com\/wp-content\/uploads\/2023\/04\/detenido-pjcjpg-1-410x380.webp",410,380,true]},"author_info":{"display_name":"Editor","author_link":"https:\/\/radioparquecde.com\/index.php\/author\/editor\/"},"category_info":"<a href=\"https:\/\/radioparquecde.com\/index.php\/category\/noticias\/destacadas\/\" rel=\"category tag\">Destacadas<\/a> <a href=\"https:\/\/radioparquecde.com\/index.php\/category\/noticias\/\" rel=\"category tag\">Noticias<\/a>","tag_info":"Noticias","comment_count":"0","_links":{"self":[{"href":"https:\/\/radioparquecde.com\/index.php\/wp-json\/wp\/v2\/posts\/8941","targetHints":{"allow":["GET"]}}],"collection":[{"href":"https:\/\/radioparquecde.com\/index.php\/wp-json\/wp\/v2\/posts"}],"about":[{"href":"https:\/\/radioparquecde.com\/index.php\/wp-json\/wp\/v2\/types\/post"}],"author":[{"embeddable":true,"href":"https:\/\/radioparquecde.com\/index.php\/wp-json\/wp\/v2\/users\/3"}],"replies":[{"embeddable":true,"href":"https:\/\/radioparquecde.com\/index.php\/wp-json\/wp\/v2\/comments?post=8941"}],"version-history":[{"count":1,"href":"https:\/\/radioparquecde.com\/index.php\/wp-json\/wp\/v2\/posts\/8941\/revisions"}],"predecessor-version":[{"id":8945,"href":"https:\/\/radioparquecde.com\/index.php\/wp-json\/wp\/v2\/posts\/8941\/revisions\/8945"}],"wp:featuredmedia":[{"embeddable":true,"href":"https:\/\/radioparquecde.com\/index.php\/wp-json\/wp\/v2\/media\/8944"}],"wp:attachment":[{"href":"https:\/\/radioparquecde.com\/index.php\/wp-json\/wp\/v2\/media?parent=8941"}],"wp:term":[{"taxonomy":"category","embeddable":true,"href":"https:\/\/radioparquecde.com\/index.php\/wp-json\/wp\/v2\/categories?post=8941"},{"taxonomy":"post_tag","embeddable":true,"href":"https:\/\/radioparquecde.com\/index.php\/wp-json\/wp\/v2\/tags?post=8941"}],"curies":[{"name":"wp","href":"https:\/\/api.w.org\/{rel}","templated":true}]}}