{"id":9030,"date":"2023-04-18T08:29:44","date_gmt":"2023-04-18T12:29:44","guid":{"rendered":"https:\/\/radioparquecde.com\/?p=9030"},"modified":"2023-04-18T08:29:46","modified_gmt":"2023-04-18T12:29:46","slug":"detuvieron-a-presunto-homicida-que-era-buscado-a-casi-15-anos","status":"publish","type":"post","link":"https:\/\/radioparquecde.com\/index.php\/2023\/04\/18\/detuvieron-a-presunto-homicida-que-era-buscado-a-casi-15-anos\/","title":{"rendered":"Detuvieron a presunto homicida que era buscado a casi 15 a\u00f1os"},"content":{"rendered":"\n<p>Despu\u00e9s de m\u00e1s de una d\u00e9cada siendo buscado por la justicia, finalmente un presunto homicida fue detenido por agentes policiales durante un control. Pese a contar con una orden de captura, el sujeto viv\u00eda libre y tranquilamente. El procedimiento fue realizado el lunes a las 3h en la fracci\u00f3n Samael del Km 10 Acaray.<\/p>\n\n\n\n<p>El Puesto Policial N\u00ba 12 inform\u00f3 sobre la detenci\u00f3n del ciudadano Agust\u00edn Sotelo Arg\u00fcello (40), vecino <a><\/a>del citado lugar, sobre quien pesaba una orden de captura por homicidio doloso que fue dictada en abril del 2.009 por el Juzgado Penal de Garant\u00edas N\u00ba 2. Dando cumplimiento el oficial judicial, el detenido fue remitido a la Direcci\u00f3n de Polic\u00eda para guardar reclusi\u00f3n.<\/p>\n\n\n\n<figure class=\"wp-block-image size-full\"><img loading=\"lazy\" decoding=\"async\" width=\"526\" height=\"701\" src=\"https:\/\/radioparquecde.com\/wp-content\/uploads\/2023\/04\/341530643_220745190549669_8626269118607510575_n.jpg\" alt=\"\" class=\"wp-image-9032\" srcset=\"https:\/\/radioparquecde.com\/wp-content\/uploads\/2023\/04\/341530643_220745190549669_8626269118607510575_n.jpg 526w, https:\/\/radioparquecde.com\/wp-content\/uploads\/2023\/04\/341530643_220745190549669_8626269118607510575_n-225x300.jpg 225w\" sizes=\"auto, (max-width: 526px) 100vw, 526px\" \/><\/figure>\n\n\n\n<p>Sotelo tambi\u00e9n protagoniz\u00f3 un intento de homicidio en enero de 2.008. <\/p>\n\n\n\n<p>En la \u00e9poca intent\u00f3 asesinar a tiros a su hermana Ramona Sotelo Arg\u00fcello. La mujer se encontraba en la casa de una vecina cuando su hermano lleg\u00f3 al lugar armado con un rev\u00f3lver y le advirti\u00f3 que la matar\u00eda, realizando cuatro disparos en su direcci\u00f3n. <\/p>\n\n\n\n<p>Afortunadamente los proyectiles salieron desviados y la v\u00edctima result\u00f3 ilesa. En la ocasi\u00f3n Sotelo fue pres<\/p>\n","protected":false},"excerpt":{"rendered":"<p>Despu\u00e9s de m\u00e1s de una d\u00e9cada siendo buscado por la justicia, finalmente un presunto homicida&#8230;<\/p>\n","protected":false},"author":3,"featured_media":9033,"comment_status":"closed","ping_status":"closed","sticky":false,"template":"","format":"standard","meta":{"footnotes":""},"categories":[48,6],"tags":[],"class_list":["post-9030","post","type-post","status-publish","format-standard","has-post-thumbnail","hentry","category-alto-parana","category-noticias"],"featured_image_urls":{"full":["https:\/\/radioparquecde.com\/wp-content\/uploads\/2023\/04\/341530643_220745190549669_8626269118607510575_n-1.jpg",526,701,false],"thumbnail":["https:\/\/radioparquecde.com\/wp-content\/uploads\/2023\/04\/341530643_220745190549669_8626269118607510575_n-1-150x150.jpg",150,150,true],"medium":["https:\/\/radioparquecde.com\/wp-content\/uploads\/2023\/04\/341530643_220745190549669_8626269118607510575_n-1-225x300.jpg",225,300,true],"medium_large":["https:\/\/radioparquecde.com\/wp-content\/uploads\/2023\/04\/341530643_220745190549669_8626269118607510575_n-1.jpg",526,701,false],"large":["https:\/\/radioparquecde.com\/wp-content\/uploads\/2023\/04\/341530643_220745190549669_8626269118607510575_n-1.jpg",526,701,false],"1536x1536":["https:\/\/radioparquecde.com\/wp-content\/uploads\/2023\/04\/341530643_220745190549669_8626269118607510575_n-1.jpg",526,701,false],"2048x2048":["https:\/\/radioparquecde.com\/wp-content\/uploads\/2023\/04\/341530643_220745190549669_8626269118607510575_n-1.jpg",526,701,false],"newsphere-slider-full":["https:\/\/radioparquecde.com\/wp-content\/uploads\/2023\/04\/341530643_220745190549669_8626269118607510575_n-1.jpg",526,701,false],"newsphere-featured":["https:\/\/radioparquecde.com\/wp-content\/uploads\/2023\/04\/341530643_220745190549669_8626269118607510575_n-1.jpg",526,701,false],"newsphere-medium":["https:\/\/radioparquecde.com\/wp-content\/uploads\/2023\/04\/341530643_220745190549669_8626269118607510575_n-1-526x380.jpg",526,380,true]},"author_info":{"display_name":"Editor","author_link":"https:\/\/radioparquecde.com\/index.php\/author\/editor\/"},"category_info":"<a href=\"https:\/\/radioparquecde.com\/index.php\/category\/alto-parana\/\" rel=\"category tag\">ALTO PARAN\u00c1<\/a> <a href=\"https:\/\/radioparquecde.com\/index.php\/category\/noticias\/\" rel=\"category tag\">Noticias<\/a>","tag_info":"Noticias","comment_count":"0","_links":{"self":[{"href":"https:\/\/radioparquecde.com\/index.php\/wp-json\/wp\/v2\/posts\/9030","targetHints":{"allow":["GET"]}}],"collection":[{"href":"https:\/\/radioparquecde.com\/index.php\/wp-json\/wp\/v2\/posts"}],"about":[{"href":"https:\/\/radioparquecde.com\/index.php\/wp-json\/wp\/v2\/types\/post"}],"author":[{"embeddable":true,"href":"https:\/\/radioparquecde.com\/index.php\/wp-json\/wp\/v2\/users\/3"}],"replies":[{"embeddable":true,"href":"https:\/\/radioparquecde.com\/index.php\/wp-json\/wp\/v2\/comments?post=9030"}],"version-history":[{"count":1,"href":"https:\/\/radioparquecde.com\/index.php\/wp-json\/wp\/v2\/posts\/9030\/revisions"}],"predecessor-version":[{"id":9034,"href":"https:\/\/radioparquecde.com\/index.php\/wp-json\/wp\/v2\/posts\/9030\/revisions\/9034"}],"wp:featuredmedia":[{"embeddable":true,"href":"https:\/\/radioparquecde.com\/index.php\/wp-json\/wp\/v2\/media\/9033"}],"wp:attachment":[{"href":"https:\/\/radioparquecde.com\/index.php\/wp-json\/wp\/v2\/media?parent=9030"}],"wp:term":[{"taxonomy":"category","embeddable":true,"href":"https:\/\/radioparquecde.com\/index.php\/wp-json\/wp\/v2\/categories?post=9030"},{"taxonomy":"post_tag","embeddable":true,"href":"https:\/\/radioparquecde.com\/index.php\/wp-json\/wp\/v2\/tags?post=9030"}],"curies":[{"name":"wp","href":"https:\/\/api.w.org\/{rel}","templated":true}]}}