{"id":904,"date":"2022-04-18T14:20:09","date_gmt":"2022-04-18T18:20:09","guid":{"rendered":"https:\/\/radioparquecde.com\/?p=904"},"modified":"2022-04-18T14:20:11","modified_gmt":"2022-04-18T18:20:11","slug":"el-papa-congrega-a-80-000-adolescentes-en-la-plaza-de-san-pedro","status":"publish","type":"post","link":"https:\/\/radioparquecde.com\/index.php\/2022\/04\/18\/el-papa-congrega-a-80-000-adolescentes-en-la-plaza-de-san-pedro\/","title":{"rendered":"El papa congrega a 80.000 adolescentes en la plaza de San Pedro"},"content":{"rendered":"\n<p>Ciudad del Vaticano.- El papa Francisco congreg\u00f3 hoy en la plaza de San Pedro a cerca de 80.000 adolescentes italianos, a quienes dijo que en estos momentos de guerras e injusticias son los j\u00f3venes \u00ablos que pagan el precio m\u00e1s alto\u00bb<\/p>\n\n\n\n<p>Francisco destac\u00f3 que la plaza de San Pedro, vac\u00eda durante los dos a\u00f1os de pandemia, estaba esperando a \u201cser llenada con vuestra presencia, vuestras caras y vuestro entusiasmo\u201d, ya que se trata de la primera reuni\u00f3n de estas caracter\u00edsticas tras las restricciones por la Covid-19.<\/p>\n\n\n\n<p>Los j\u00f3venes, procedentes de toda Italia, participaron en una peregrinaci\u00f3n organizada por la pastoral juvenil de la Conferencia Episcopal italiana, cuyo destino era la plaza de San Pedro, donde tambi\u00e9n presenciaron las actuaciones de diversos cantantes, entre ellos cant\u00f3 Blanco y Mahmood, vencedores del \u00faltimo festival de Sanremo y que representar\u00e1n a Italia en la pr\u00f3xima edici\u00f3n del Festival de Eurovisi\u00f3n, que se celebrar\u00e1 en la ciudad septentrional italiana de Tur\u00edn.<\/p>\n\n\n\n<p>Sin embargo, la presencia de algunos cantantes fue criticada por ciertos miembros de la Iglesia italiana, que consideraron que no son un ejemplo a seguir.<\/p>\n\n\n\n<p><\/p>\n\n\n\n<p>El papa no asisti\u00f3 al espect\u00e1culo pero dedic\u00f3 m\u00e1s de 40 minutos en recorrer en papam\u00f3vil todos los sectores de la plaza para saludar a los j\u00f3venes.<\/p>\n\n\n\n<p>En su mensaje, Francisco no dej\u00f3 de recordar que todav\u00eda \u201clas nubes que oscurecen nuestro tiempo siguen siendo espesas\u201d pues adem\u00e1s de la pandemia, \u201cEuropa est\u00e1 experimentando una guerra terrible y las injusticias y la violencia en varias regiones de la Tierra destruyen al hombre y al planeta\u201d.<\/p>\n\n\n\n<p>\u201cA menudo son vuestros coet\u00e1neos los que pagan el precio m\u00e1s alto: no s\u00f3lo se compromete su existencia y se hace insegura, sino que sus sue\u00f1os para el futuro son pisoteados. Muchos hermanos y hermanas siguen esperando la luz de la Pascua\u201d, dijo el papa.<\/p>\n\n\n\n<p>Francisco decidi\u00f3 no concluir el largo mensaje que hab\u00eda preparado por lo que improvis\u00f3 unas palabras con las que inst\u00f3 a los j\u00f3venes a \u201cque no tengan miedo de la vida\u201d y a que \u201csean felices\u201d.<\/p>\n\n\n\n<figure class=\"wp-block-image size-full\"><img loading=\"lazy\" decoding=\"async\" width=\"760\" height=\"420\" src=\"https:\/\/radioparquecde.com\/wp-content\/uploads\/2022\/04\/cq5dam.thumbnail.cropped.1000.563-760x420-1.jpg\" alt=\"\" class=\"wp-image-906\" srcset=\"https:\/\/radioparquecde.com\/wp-content\/uploads\/2022\/04\/cq5dam.thumbnail.cropped.1000.563-760x420-1.jpg 760w, https:\/\/radioparquecde.com\/wp-content\/uploads\/2022\/04\/cq5dam.thumbnail.cropped.1000.563-760x420-1-300x166.jpg 300w\" sizes=\"auto, (max-width: 760px) 100vw, 760px\" \/><\/figure>\n\n\n\n<p><\/p>\n","protected":false},"excerpt":{"rendered":"<p>Ciudad del Vaticano.- El papa Francisco congreg\u00f3 hoy en la plaza de San Pedro a&#8230;<\/p>\n","protected":false},"author":3,"featured_media":906,"comment_status":"closed","ping_status":"closed","sticky":false,"template":"","format":"standard","meta":{"footnotes":""},"categories":[46,6],"tags":[],"class_list":["post-904","post","type-post","status-publish","format-standard","has-post-thumbnail","hentry","category-mundo-mundo","category-noticias"],"featured_image_urls":{"full":["https:\/\/radioparquecde.com\/wp-content\/uploads\/2022\/04\/cq5dam.thumbnail.cropped.1000.563-760x420-1.jpg",760,420,false],"thumbnail":["https:\/\/radioparquecde.com\/wp-content\/uploads\/2022\/04\/cq5dam.thumbnail.cropped.1000.563-760x420-1-150x150.jpg",150,150,true],"medium":["https:\/\/radioparquecde.com\/wp-content\/uploads\/2022\/04\/cq5dam.thumbnail.cropped.1000.563-760x420-1-300x166.jpg",300,166,true],"medium_large":["https:\/\/radioparquecde.com\/wp-content\/uploads\/2022\/04\/cq5dam.thumbnail.cropped.1000.563-760x420-1.jpg",640,354,false],"large":["https:\/\/radioparquecde.com\/wp-content\/uploads\/2022\/04\/cq5dam.thumbnail.cropped.1000.563-760x420-1.jpg",640,354,false],"1536x1536":["https:\/\/radioparquecde.com\/wp-content\/uploads\/2022\/04\/cq5dam.thumbnail.cropped.1000.563-760x420-1.jpg",760,420,false],"2048x2048":["https:\/\/radioparquecde.com\/wp-content\/uploads\/2022\/04\/cq5dam.thumbnail.cropped.1000.563-760x420-1.jpg",760,420,false],"newsphere-slider-full":["https:\/\/radioparquecde.com\/wp-content\/uploads\/2022\/04\/cq5dam.thumbnail.cropped.1000.563-760x420-1.jpg",760,420,false],"newsphere-featured":["https:\/\/radioparquecde.com\/wp-content\/uploads\/2022\/04\/cq5dam.thumbnail.cropped.1000.563-760x420-1.jpg",760,420,false],"newsphere-medium":["https:\/\/radioparquecde.com\/wp-content\/uploads\/2022\/04\/cq5dam.thumbnail.cropped.1000.563-760x420-1-720x380.jpg",720,380,true]},"author_info":{"display_name":"Editor","author_link":"https:\/\/radioparquecde.com\/index.php\/author\/editor\/"},"category_info":"<a href=\"https:\/\/radioparquecde.com\/index.php\/category\/mundo\/mundo-mundo\/\" rel=\"category tag\">MUNDO<\/a> <a href=\"https:\/\/radioparquecde.com\/index.php\/category\/noticias\/\" rel=\"category tag\">Noticias<\/a>","tag_info":"Noticias","comment_count":"0","_links":{"self":[{"href":"https:\/\/radioparquecde.com\/index.php\/wp-json\/wp\/v2\/posts\/904","targetHints":{"allow":["GET"]}}],"collection":[{"href":"https:\/\/radioparquecde.com\/index.php\/wp-json\/wp\/v2\/posts"}],"about":[{"href":"https:\/\/radioparquecde.com\/index.php\/wp-json\/wp\/v2\/types\/post"}],"author":[{"embeddable":true,"href":"https:\/\/radioparquecde.com\/index.php\/wp-json\/wp\/v2\/users\/3"}],"replies":[{"embeddable":true,"href":"https:\/\/radioparquecde.com\/index.php\/wp-json\/wp\/v2\/comments?post=904"}],"version-history":[{"count":1,"href":"https:\/\/radioparquecde.com\/index.php\/wp-json\/wp\/v2\/posts\/904\/revisions"}],"predecessor-version":[{"id":907,"href":"https:\/\/radioparquecde.com\/index.php\/wp-json\/wp\/v2\/posts\/904\/revisions\/907"}],"wp:featuredmedia":[{"embeddable":true,"href":"https:\/\/radioparquecde.com\/index.php\/wp-json\/wp\/v2\/media\/906"}],"wp:attachment":[{"href":"https:\/\/radioparquecde.com\/index.php\/wp-json\/wp\/v2\/media?parent=904"}],"wp:term":[{"taxonomy":"category","embeddable":true,"href":"https:\/\/radioparquecde.com\/index.php\/wp-json\/wp\/v2\/categories?post=904"},{"taxonomy":"post_tag","embeddable":true,"href":"https:\/\/radioparquecde.com\/index.php\/wp-json\/wp\/v2\/tags?post=904"}],"curies":[{"name":"wp","href":"https:\/\/api.w.org\/{rel}","templated":true}]}}