{"id":9175,"date":"2023-04-20T15:37:35","date_gmt":"2023-04-20T19:37:35","guid":{"rendered":"https:\/\/radioparquecde.com\/?p=9175"},"modified":"2023-04-20T15:37:36","modified_gmt":"2023-04-20T19:37:36","slug":"detienen-a-suegra-y-yerno-por-presuntos-robos","status":"publish","type":"post","link":"https:\/\/radioparquecde.com\/index.php\/2023\/04\/20\/detienen-a-suegra-y-yerno-por-presuntos-robos\/","title":{"rendered":"DETIENEN A SUEGRA Y YERNO POR PRESUNTOS ROBOS"},"content":{"rendered":"\n<p>La Fiscal Andrea R\u00edos habl\u00f3 sobre la detenci\u00f3n de una mujer y su yerno que habr\u00edan estado asaltando farmacias, siendo identificados como Marcelo Ortiz quien en compa\u00f1\u00eda de su suegra Bel\u00e1n Albiso fueron imputados por robo agravado. Estos hechos se habr\u00edan dado en las ciudades de Villa Elisa, Lambar\u00e9 y Mariano Roque Alonso.<\/p>\n\n\n\n<p>Los robos se daban aparentemente con ambos disfrazados de deliverys con el hombre apuntando con el arma a los despachantes para que la mujer tome la recaudaci\u00f3n y otros elementos, meti\u00e9ndolos todos en una bolsa. Se realizaron allanamientos en dos distintas localidades para detener primeramente a Ortiz y posteriormente a su suegra, siendo detenido tambi\u00e9n la pareja de esta \u00faltima.<\/p>\n\n\n\n<figure class=\"wp-block-image size-full\"><img loading=\"lazy\" decoding=\"async\" width=\"688\" height=\"375\" src=\"https:\/\/radioparquecde.com\/wp-content\/uploads\/2023\/04\/\u00a1Increible-captura-Suegra-y-yerno-son-detenidos-tras-21-robos-a-farmacias-688x375-1.jpg\" alt=\"\" class=\"wp-image-9177\" srcset=\"https:\/\/radioparquecde.com\/wp-content\/uploads\/2023\/04\/\u00a1Increible-captura-Suegra-y-yerno-son-detenidos-tras-21-robos-a-farmacias-688x375-1.jpg 688w, https:\/\/radioparquecde.com\/wp-content\/uploads\/2023\/04\/\u00a1Increible-captura-Suegra-y-yerno-son-detenidos-tras-21-robos-a-farmacias-688x375-1-300x164.jpg 300w\" sizes=\"auto, (max-width: 688px) 100vw, 688px\" \/><\/figure>\n\n\n\n<p>Se encontraron drogas, cascos y otros elementos que servir\u00edan como indicios de que los aprehendidos ser\u00edan responsables de los asaltos.<\/p>\n","protected":false},"excerpt":{"rendered":"<p>La Fiscal Andrea R\u00edos habl\u00f3 sobre la detenci\u00f3n de una mujer y su yerno que&#8230;<\/p>\n","protected":false},"author":3,"featured_media":9178,"comment_status":"closed","ping_status":"closed","sticky":false,"template":"","format":"standard","meta":{"footnotes":""},"categories":[2,6],"tags":[],"class_list":["post-9175","post","type-post","status-publish","format-standard","has-post-thumbnail","hentry","category-destacadas","category-noticias"],"featured_image_urls":{"full":["https:\/\/radioparquecde.com\/wp-content\/uploads\/2023\/04\/\u00a1Increible-captura-Suegra-y-yerno-son-detenidos-tras-21-robos-a-farmacias-688x375-1-1.jpg",688,375,false],"thumbnail":["https:\/\/radioparquecde.com\/wp-content\/uploads\/2023\/04\/\u00a1Increible-captura-Suegra-y-yerno-son-detenidos-tras-21-robos-a-farmacias-688x375-1-1-150x150.jpg",150,150,true],"medium":["https:\/\/radioparquecde.com\/wp-content\/uploads\/2023\/04\/\u00a1Increible-captura-Suegra-y-yerno-son-detenidos-tras-21-robos-a-farmacias-688x375-1-1-300x164.jpg",300,164,true],"medium_large":["https:\/\/radioparquecde.com\/wp-content\/uploads\/2023\/04\/\u00a1Increible-captura-Suegra-y-yerno-son-detenidos-tras-21-robos-a-farmacias-688x375-1-1.jpg",640,349,false],"large":["https:\/\/radioparquecde.com\/wp-content\/uploads\/2023\/04\/\u00a1Increible-captura-Suegra-y-yerno-son-detenidos-tras-21-robos-a-farmacias-688x375-1-1.jpg",640,349,false],"1536x1536":["https:\/\/radioparquecde.com\/wp-content\/uploads\/2023\/04\/\u00a1Increible-captura-Suegra-y-yerno-son-detenidos-tras-21-robos-a-farmacias-688x375-1-1.jpg",688,375,false],"2048x2048":["https:\/\/radioparquecde.com\/wp-content\/uploads\/2023\/04\/\u00a1Increible-captura-Suegra-y-yerno-son-detenidos-tras-21-robos-a-farmacias-688x375-1-1.jpg",688,375,false],"newsphere-slider-full":["https:\/\/radioparquecde.com\/wp-content\/uploads\/2023\/04\/\u00a1Increible-captura-Suegra-y-yerno-son-detenidos-tras-21-robos-a-farmacias-688x375-1-1.jpg",688,375,false],"newsphere-featured":["https:\/\/radioparquecde.com\/wp-content\/uploads\/2023\/04\/\u00a1Increible-captura-Suegra-y-yerno-son-detenidos-tras-21-robos-a-farmacias-688x375-1-1.jpg",688,375,false],"newsphere-medium":["https:\/\/radioparquecde.com\/wp-content\/uploads\/2023\/04\/\u00a1Increible-captura-Suegra-y-yerno-son-detenidos-tras-21-robos-a-farmacias-688x375-1-1.jpg",688,375,false]},"author_info":{"display_name":"Editor","author_link":"https:\/\/radioparquecde.com\/index.php\/author\/editor\/"},"category_info":"<a href=\"https:\/\/radioparquecde.com\/index.php\/category\/noticias\/destacadas\/\" rel=\"category tag\">Destacadas<\/a> <a href=\"https:\/\/radioparquecde.com\/index.php\/category\/noticias\/\" rel=\"category tag\">Noticias<\/a>","tag_info":"Noticias","comment_count":"0","_links":{"self":[{"href":"https:\/\/radioparquecde.com\/index.php\/wp-json\/wp\/v2\/posts\/9175","targetHints":{"allow":["GET"]}}],"collection":[{"href":"https:\/\/radioparquecde.com\/index.php\/wp-json\/wp\/v2\/posts"}],"about":[{"href":"https:\/\/radioparquecde.com\/index.php\/wp-json\/wp\/v2\/types\/post"}],"author":[{"embeddable":true,"href":"https:\/\/radioparquecde.com\/index.php\/wp-json\/wp\/v2\/users\/3"}],"replies":[{"embeddable":true,"href":"https:\/\/radioparquecde.com\/index.php\/wp-json\/wp\/v2\/comments?post=9175"}],"version-history":[{"count":1,"href":"https:\/\/radioparquecde.com\/index.php\/wp-json\/wp\/v2\/posts\/9175\/revisions"}],"predecessor-version":[{"id":9179,"href":"https:\/\/radioparquecde.com\/index.php\/wp-json\/wp\/v2\/posts\/9175\/revisions\/9179"}],"wp:featuredmedia":[{"embeddable":true,"href":"https:\/\/radioparquecde.com\/index.php\/wp-json\/wp\/v2\/media\/9178"}],"wp:attachment":[{"href":"https:\/\/radioparquecde.com\/index.php\/wp-json\/wp\/v2\/media?parent=9175"}],"wp:term":[{"taxonomy":"category","embeddable":true,"href":"https:\/\/radioparquecde.com\/index.php\/wp-json\/wp\/v2\/categories?post=9175"},{"taxonomy":"post_tag","embeddable":true,"href":"https:\/\/radioparquecde.com\/index.php\/wp-json\/wp\/v2\/tags?post=9175"}],"curies":[{"name":"wp","href":"https:\/\/api.w.org\/{rel}","templated":true}]}}