{"id":928,"date":"2022-04-19T08:12:26","date_gmt":"2022-04-19T12:12:26","guid":{"rendered":"https:\/\/radioparquecde.com\/?p=928"},"modified":"2022-04-19T08:12:28","modified_gmt":"2022-04-19T12:12:28","slug":"independencia-policia-busca-a-mas-personas-por-asalto-a-posada-turistica","status":"publish","type":"post","link":"https:\/\/radioparquecde.com\/index.php\/2022\/04\/19\/independencia-policia-busca-a-mas-personas-por-asalto-a-posada-turistica\/","title":{"rendered":"Independencia: Polic\u00eda busca a m\u00e1s personas por asalto a posada tur\u00edstica"},"content":{"rendered":"\n<p>Una comitiva fiscal-policial seguir\u00e1 realizando allanamientos este martes en prosecuci\u00f3n del asalto a una posada tur\u00edstica en Independencia, Guair\u00e1.<\/p>\n\n\n\n<p>El comisario Cristian C\u00e1ceres, jefe de Investigaciones de la Polic\u00eda Nacional en Guair\u00e1, manifest\u00f3 que esta jornada se estar\u00e1 coordinando con la unidad fiscal de la causa en Villarrica para realizar varios allanamientos en el marco del asalto que sufri\u00f3 una posada tur\u00edstica en la ciudad de\u00a0<strong>Independencia<\/strong>.<\/p>\n\n\n\n<p>Dos sospechosos del asalto fueron detenidos el lunes, los mismos est\u00e1n identificados como \u00d3scar Dar\u00edo Escurra Arzamendia, de 24 a\u00f1os, e Isidro Javier Gonz\u00e1lez Acosta, de 22 a\u00f1os.<\/p>\n\n\n\n<p>C\u00e1ceres mencion\u00f3 que cuatro personas m\u00e1s ya fueron identificadas. \u00abEstaremos trabajando para que podamos llegar a aprehenderlos\u00bb, agreg\u00f3.<\/p>\n\n\n\n<figure class=\"wp-block-image size-full\"><img loading=\"lazy\" decoding=\"async\" width=\"730\" height=\"548\" src=\"https:\/\/radioparquecde.com\/wp-content\/uploads\/2022\/04\/procedimientos-la-estancia-el-abuelo-posada-turistica-independenciajpeg.webp\" alt=\"\" class=\"wp-image-930\" srcset=\"https:\/\/radioparquecde.com\/wp-content\/uploads\/2022\/04\/procedimientos-la-estancia-el-abuelo-posada-turistica-independenciajpeg.webp 730w, https:\/\/radioparquecde.com\/wp-content\/uploads\/2022\/04\/procedimientos-la-estancia-el-abuelo-posada-turistica-independenciajpeg-300x225.webp 300w\" sizes=\"auto, (max-width: 730px) 100vw, 730px\" \/><figcaption>Foto: Gentileza<\/figcaption><\/figure>\n\n\n\n<p><\/p>\n","protected":false},"excerpt":{"rendered":"<p>Una comitiva fiscal-policial seguir\u00e1 realizando allanamientos este martes en prosecuci\u00f3n del asalto a una posada&#8230;<\/p>\n","protected":false},"author":3,"featured_media":931,"comment_status":"closed","ping_status":"closed","sticky":false,"template":"","format":"standard","meta":{"footnotes":""},"categories":[20,6],"tags":[],"class_list":["post-928","post","type-post","status-publish","format-standard","has-post-thumbnail","hentry","category-nacionales","category-noticias"],"featured_image_urls":{"full":["https:\/\/radioparquecde.com\/wp-content\/uploads\/2022\/04\/procedimientos-la-estancia-el-abuelo-posada-turistica-independenciajpeg-1.webp",730,548,false],"thumbnail":["https:\/\/radioparquecde.com\/wp-content\/uploads\/2022\/04\/procedimientos-la-estancia-el-abuelo-posada-turistica-independenciajpeg-1-150x150.webp",150,150,true],"medium":["https:\/\/radioparquecde.com\/wp-content\/uploads\/2022\/04\/procedimientos-la-estancia-el-abuelo-posada-turistica-independenciajpeg-1-300x225.webp",300,225,true],"medium_large":["https:\/\/radioparquecde.com\/wp-content\/uploads\/2022\/04\/procedimientos-la-estancia-el-abuelo-posada-turistica-independenciajpeg-1.webp",640,480,false],"large":["https:\/\/radioparquecde.com\/wp-content\/uploads\/2022\/04\/procedimientos-la-estancia-el-abuelo-posada-turistica-independenciajpeg-1.webp",640,480,false],"1536x1536":["https:\/\/radioparquecde.com\/wp-content\/uploads\/2022\/04\/procedimientos-la-estancia-el-abuelo-posada-turistica-independenciajpeg-1.webp",730,548,false],"2048x2048":["https:\/\/radioparquecde.com\/wp-content\/uploads\/2022\/04\/procedimientos-la-estancia-el-abuelo-posada-turistica-independenciajpeg-1.webp",730,548,false],"newsphere-slider-full":["https:\/\/radioparquecde.com\/wp-content\/uploads\/2022\/04\/procedimientos-la-estancia-el-abuelo-posada-turistica-independenciajpeg-1.webp",730,548,false],"newsphere-featured":["https:\/\/radioparquecde.com\/wp-content\/uploads\/2022\/04\/procedimientos-la-estancia-el-abuelo-posada-turistica-independenciajpeg-1.webp",730,548,false],"newsphere-medium":["https:\/\/radioparquecde.com\/wp-content\/uploads\/2022\/04\/procedimientos-la-estancia-el-abuelo-posada-turistica-independenciajpeg-1-720x380.webp",720,380,true]},"author_info":{"display_name":"Editor","author_link":"https:\/\/radioparquecde.com\/index.php\/author\/editor\/"},"category_info":"<a href=\"https:\/\/radioparquecde.com\/index.php\/category\/noticias\/nacionales\/\" rel=\"category tag\">Nacionales<\/a> <a href=\"https:\/\/radioparquecde.com\/index.php\/category\/noticias\/\" rel=\"category tag\">Noticias<\/a>","tag_info":"Noticias","comment_count":"0","_links":{"self":[{"href":"https:\/\/radioparquecde.com\/index.php\/wp-json\/wp\/v2\/posts\/928","targetHints":{"allow":["GET"]}}],"collection":[{"href":"https:\/\/radioparquecde.com\/index.php\/wp-json\/wp\/v2\/posts"}],"about":[{"href":"https:\/\/radioparquecde.com\/index.php\/wp-json\/wp\/v2\/types\/post"}],"author":[{"embeddable":true,"href":"https:\/\/radioparquecde.com\/index.php\/wp-json\/wp\/v2\/users\/3"}],"replies":[{"embeddable":true,"href":"https:\/\/radioparquecde.com\/index.php\/wp-json\/wp\/v2\/comments?post=928"}],"version-history":[{"count":1,"href":"https:\/\/radioparquecde.com\/index.php\/wp-json\/wp\/v2\/posts\/928\/revisions"}],"predecessor-version":[{"id":932,"href":"https:\/\/radioparquecde.com\/index.php\/wp-json\/wp\/v2\/posts\/928\/revisions\/932"}],"wp:featuredmedia":[{"embeddable":true,"href":"https:\/\/radioparquecde.com\/index.php\/wp-json\/wp\/v2\/media\/931"}],"wp:attachment":[{"href":"https:\/\/radioparquecde.com\/index.php\/wp-json\/wp\/v2\/media?parent=928"}],"wp:term":[{"taxonomy":"category","embeddable":true,"href":"https:\/\/radioparquecde.com\/index.php\/wp-json\/wp\/v2\/categories?post=928"},{"taxonomy":"post_tag","embeddable":true,"href":"https:\/\/radioparquecde.com\/index.php\/wp-json\/wp\/v2\/tags?post=928"}],"curies":[{"name":"wp","href":"https:\/\/api.w.org\/{rel}","templated":true}]}}