{"id":9417,"date":"2023-04-28T09:40:35","date_gmt":"2023-04-28T13:40:35","guid":{"rendered":"https:\/\/radioparquecde.com\/?p=9417"},"modified":"2023-04-28T09:40:36","modified_gmt":"2023-04-28T13:40:36","slug":"accidente-de-transito-en-cde-deja-un-lesionado","status":"publish","type":"post","link":"https:\/\/radioparquecde.com\/index.php\/2023\/04\/28\/accidente-de-transito-en-cde-deja-un-lesionado\/","title":{"rendered":"Accidente de tr\u00e1nsito en CDE deja un lesionado"},"content":{"rendered":"\n<p>Ocurri\u00f3 ayer, a las 18:00 horas, sobre la avenida Alejo Garc\u00eda y Ca\u00f1ada del Carmen en el barrio Juan E. O\u00b4Leary en Ciudad del Este se produjo un accidente de tr\u00e1nsito que involucr\u00f3 a un autom\u00f3vil y una motocicleta.<\/p>\n\n\n\n<figure class=\"wp-block-image size-large\"><img loading=\"lazy\" decoding=\"async\" width=\"1024\" height=\"768\" src=\"https:\/\/radioparquecde.com\/wp-content\/uploads\/2023\/04\/WhatsApp-Image-2023-04-28-at-06.28.12-1536x1152-1-1024x768.jpeg\" alt=\"\" class=\"wp-image-9419\" srcset=\"https:\/\/radioparquecde.com\/wp-content\/uploads\/2023\/04\/WhatsApp-Image-2023-04-28-at-06.28.12-1536x1152-1-1024x768.jpeg 1024w, https:\/\/radioparquecde.com\/wp-content\/uploads\/2023\/04\/WhatsApp-Image-2023-04-28-at-06.28.12-1536x1152-1-300x225.jpeg 300w, https:\/\/radioparquecde.com\/wp-content\/uploads\/2023\/04\/WhatsApp-Image-2023-04-28-at-06.28.12-1536x1152-1-768x576.jpeg 768w, https:\/\/radioparquecde.com\/wp-content\/uploads\/2023\/04\/WhatsApp-Image-2023-04-28-at-06.28.12-1536x1152-1.jpeg 1536w\" sizes=\"auto, (max-width: 1024px) 100vw, 1024px\" \/><\/figure>\n\n\n\n<p>El percance tuvo como protagonistas una motocicleta marca Star, modelo CK 150, color negro, con chapa N\u00ba 549-CBR Py, al mando de ADRIANO NUNES, brasile\u00f1o, de 36 a\u00f1os de edad; y una camioneta de la marca Chevrolet, modelo Trail Blazer, color negro, con chapa N\u00ba AALZ-054 Py., conducido por YRMA GRISELDA NU\u00d1EZ DE GARCETE, de 43 a\u00f1os de edad.<\/p>\n\n\n\n<p>El motociclista result\u00f3 con lesiones tras el impacto. La mujer fue sometida a la prueba de alcotest y, dio negativo.<\/p>\n\n\n\n<p>Los veh\u00edculos quedaron incautados por disposici\u00f3n del fiscal Julio Paredes.<\/p>\n","protected":false},"excerpt":{"rendered":"<p>Ocurri\u00f3 ayer, a las 18:00 horas, sobre la avenida Alejo Garc\u00eda y Ca\u00f1ada del Carmen&#8230;<\/p>\n","protected":false},"author":3,"featured_media":9420,"comment_status":"closed","ping_status":"closed","sticky":false,"template":"","format":"standard","meta":{"footnotes":""},"categories":[48,6],"tags":[],"class_list":["post-9417","post","type-post","status-publish","format-standard","has-post-thumbnail","hentry","category-alto-parana","category-noticias"],"featured_image_urls":{"full":["https:\/\/radioparquecde.com\/wp-content\/uploads\/2023\/04\/WhatsApp-Image-2023-04-28-at-06.28.12-1536x1152-2.jpeg",1536,1152,false],"thumbnail":["https:\/\/radioparquecde.com\/wp-content\/uploads\/2023\/04\/WhatsApp-Image-2023-04-28-at-06.28.12-1536x1152-2-150x150.jpeg",150,150,true],"medium":["https:\/\/radioparquecde.com\/wp-content\/uploads\/2023\/04\/WhatsApp-Image-2023-04-28-at-06.28.12-1536x1152-2-300x225.jpeg",300,225,true],"medium_large":["https:\/\/radioparquecde.com\/wp-content\/uploads\/2023\/04\/WhatsApp-Image-2023-04-28-at-06.28.12-1536x1152-2-768x576.jpeg",640,480,true],"large":["https:\/\/radioparquecde.com\/wp-content\/uploads\/2023\/04\/WhatsApp-Image-2023-04-28-at-06.28.12-1536x1152-2-1024x768.jpeg",640,480,true],"1536x1536":["https:\/\/radioparquecde.com\/wp-content\/uploads\/2023\/04\/WhatsApp-Image-2023-04-28-at-06.28.12-1536x1152-2.jpeg",1536,1152,false],"2048x2048":["https:\/\/radioparquecde.com\/wp-content\/uploads\/2023\/04\/WhatsApp-Image-2023-04-28-at-06.28.12-1536x1152-2.jpeg",1536,1152,false],"newsphere-slider-full":["https:\/\/radioparquecde.com\/wp-content\/uploads\/2023\/04\/WhatsApp-Image-2023-04-28-at-06.28.12-1536x1152-2-1280x720.jpeg",1280,720,true],"newsphere-featured":["https:\/\/radioparquecde.com\/wp-content\/uploads\/2023\/04\/WhatsApp-Image-2023-04-28-at-06.28.12-1536x1152-2-1024x768.jpeg",1024,768,true],"newsphere-medium":["https:\/\/radioparquecde.com\/wp-content\/uploads\/2023\/04\/WhatsApp-Image-2023-04-28-at-06.28.12-1536x1152-2-720x380.jpeg",720,380,true]},"author_info":{"display_name":"Editor","author_link":"https:\/\/radioparquecde.com\/index.php\/author\/editor\/"},"category_info":"<a href=\"https:\/\/radioparquecde.com\/index.php\/category\/alto-parana\/\" rel=\"category tag\">ALTO PARAN\u00c1<\/a> <a href=\"https:\/\/radioparquecde.com\/index.php\/category\/noticias\/\" rel=\"category tag\">Noticias<\/a>","tag_info":"Noticias","comment_count":"0","_links":{"self":[{"href":"https:\/\/radioparquecde.com\/index.php\/wp-json\/wp\/v2\/posts\/9417","targetHints":{"allow":["GET"]}}],"collection":[{"href":"https:\/\/radioparquecde.com\/index.php\/wp-json\/wp\/v2\/posts"}],"about":[{"href":"https:\/\/radioparquecde.com\/index.php\/wp-json\/wp\/v2\/types\/post"}],"author":[{"embeddable":true,"href":"https:\/\/radioparquecde.com\/index.php\/wp-json\/wp\/v2\/users\/3"}],"replies":[{"embeddable":true,"href":"https:\/\/radioparquecde.com\/index.php\/wp-json\/wp\/v2\/comments?post=9417"}],"version-history":[{"count":1,"href":"https:\/\/radioparquecde.com\/index.php\/wp-json\/wp\/v2\/posts\/9417\/revisions"}],"predecessor-version":[{"id":9421,"href":"https:\/\/radioparquecde.com\/index.php\/wp-json\/wp\/v2\/posts\/9417\/revisions\/9421"}],"wp:featuredmedia":[{"embeddable":true,"href":"https:\/\/radioparquecde.com\/index.php\/wp-json\/wp\/v2\/media\/9420"}],"wp:attachment":[{"href":"https:\/\/radioparquecde.com\/index.php\/wp-json\/wp\/v2\/media?parent=9417"}],"wp:term":[{"taxonomy":"category","embeddable":true,"href":"https:\/\/radioparquecde.com\/index.php\/wp-json\/wp\/v2\/categories?post=9417"},{"taxonomy":"post_tag","embeddable":true,"href":"https:\/\/radioparquecde.com\/index.php\/wp-json\/wp\/v2\/tags?post=9417"}],"curies":[{"name":"wp","href":"https:\/\/api.w.org\/{rel}","templated":true}]}}