{"id":9650,"date":"2023-05-05T08:50:32","date_gmt":"2023-05-05T12:50:32","guid":{"rendered":"https:\/\/radioparquecde.com\/?p=9650"},"modified":"2023-05-05T08:50:33","modified_gmt":"2023-05-05T12:50:33","slug":"mas-de-700-abuelitos-estenos-podran-cobrar-sus-pensiones-de-tercera-edad","status":"publish","type":"post","link":"https:\/\/radioparquecde.com\/index.php\/2023\/05\/05\/mas-de-700-abuelitos-estenos-podran-cobrar-sus-pensiones-de-tercera-edad\/","title":{"rendered":"M\u00e1s de 700 abuelitos este\u00f1os podr\u00e1n cobrar sus pensiones de Tercera Edad"},"content":{"rendered":"\n<p>a <a><\/a>dependencia de la Tercera Edad de la Junta Municipal de Ciudad del Este emiti\u00f3 un listado de los nuevos beneficiarios del Programa de Pensi\u00f3n Alimenticia de Adultos Mayores. Conforme informaron, la nueva lista corresponde a un total de 737 abuelitos que hab\u00edan sido censados en el mes de marzo de este a\u00f1o.<\/p>\n\n\n\n<p>La dependencia municipal aclar\u00f3 que los adultos mayores que figuran en la n\u00f3mina, deben acercarse hasta la oficina de la Tercera Edad situada en la sede de la Junta Municipal, y deber\u00e1n presentar una fotocopia de su c\u00e9dula de identidad, tambi\u00e9n una constancia de vida y residencia, y tendr\u00e1n que firmar el documento de declaraci\u00f3n jurada como tr\u00e1mite.<\/p>\n\n\n\n<p>El horario de atenci\u00f3n en la oficina referida es de lunes a viernes de 07:00 a 13:00 horas. Seg\u00fan se detalla, la lista completa est\u00e1 integrada por 532 seleccionados sin objeci\u00f3n; 6 seleccionados con objeci\u00f3n; 197 seleccionados por reclamos sin objeci\u00f3n y 2 seleccionados por reclamos con objeci\u00f3n.<\/p>\n\n\n\n<p>En el listado figura que los beneficiados son residentes en distintas zonas de la capital este\u00f1a, como el microcentro, y los barrios San Alfredo, Carolina, Las Mercedes, Mburucuy\u00e1, Santa Ana, Don Bosco y San Juan, entre otros.<\/p>\n\n\n\n<p>As\u00ed como de las \u00c1reas 2 y 4. Y las zonas de los Kil\u00f3metros 4, 5, 6 al 12, Monday y Acaray.<\/p>\n\n\n\n<p>Los interesados en acceder a la lista pueden hallarla en la p\u00e1gina de Facebook \u201cJunta Municipal Ciudad del Este\u201d, o solicitar informaci\u00f3n al (061)518-840<\/p>\n\n\n\n<figure class=\"wp-block-image size-large\"><img loading=\"lazy\" decoding=\"async\" width=\"792\" height=\"1024\" src=\"https:\/\/radioparquecde.com\/wp-content\/uploads\/2023\/05\/344851696_294246956258373_659663923424341607_n-792x1024.jpg\" alt=\"\" class=\"wp-image-9652\" srcset=\"https:\/\/radioparquecde.com\/wp-content\/uploads\/2023\/05\/344851696_294246956258373_659663923424341607_n-792x1024.jpg 792w, https:\/\/radioparquecde.com\/wp-content\/uploads\/2023\/05\/344851696_294246956258373_659663923424341607_n-232x300.jpg 232w, https:\/\/radioparquecde.com\/wp-content\/uploads\/2023\/05\/344851696_294246956258373_659663923424341607_n-768x993.jpg 768w, https:\/\/radioparquecde.com\/wp-content\/uploads\/2023\/05\/344851696_294246956258373_659663923424341607_n-1024x1325.jpg 1024w, https:\/\/radioparquecde.com\/wp-content\/uploads\/2023\/05\/344851696_294246956258373_659663923424341607_n.jpg 1080w\" sizes=\"auto, (max-width: 792px) 100vw, 792px\" \/><\/figure>\n","protected":false},"excerpt":{"rendered":"<p>a dependencia de la Tercera Edad de la Junta Municipal de Ciudad del Este emiti\u00f3&#8230;<\/p>\n","protected":false},"author":3,"featured_media":9653,"comment_status":"closed","ping_status":"closed","sticky":false,"template":"","format":"standard","meta":{"footnotes":""},"categories":[48,2],"tags":[],"class_list":["post-9650","post","type-post","status-publish","format-standard","has-post-thumbnail","hentry","category-alto-parana","category-destacadas"],"featured_image_urls":{"full":["https:\/\/radioparquecde.com\/wp-content\/uploads\/2023\/05\/344851696_294246956258373_659663923424341607_n-1.jpg",1080,1397,false],"thumbnail":["https:\/\/radioparquecde.com\/wp-content\/uploads\/2023\/05\/344851696_294246956258373_659663923424341607_n-1-150x150.jpg",150,150,true],"medium":["https:\/\/radioparquecde.com\/wp-content\/uploads\/2023\/05\/344851696_294246956258373_659663923424341607_n-1-232x300.jpg",232,300,true],"medium_large":["https:\/\/radioparquecde.com\/wp-content\/uploads\/2023\/05\/344851696_294246956258373_659663923424341607_n-1-768x993.jpg",640,828,true],"large":["https:\/\/radioparquecde.com\/wp-content\/uploads\/2023\/05\/344851696_294246956258373_659663923424341607_n-1-792x1024.jpg",640,827,true],"1536x1536":["https:\/\/radioparquecde.com\/wp-content\/uploads\/2023\/05\/344851696_294246956258373_659663923424341607_n-1.jpg",1080,1397,false],"2048x2048":["https:\/\/radioparquecde.com\/wp-content\/uploads\/2023\/05\/344851696_294246956258373_659663923424341607_n-1.jpg",1080,1397,false],"newsphere-slider-full":["https:\/\/radioparquecde.com\/wp-content\/uploads\/2023\/05\/344851696_294246956258373_659663923424341607_n-1-1080x720.jpg",1080,720,true],"newsphere-featured":["https:\/\/radioparquecde.com\/wp-content\/uploads\/2023\/05\/344851696_294246956258373_659663923424341607_n-1-1024x1325.jpg",1024,1325,true],"newsphere-medium":["https:\/\/radioparquecde.com\/wp-content\/uploads\/2023\/05\/344851696_294246956258373_659663923424341607_n-1-720x380.jpg",720,380,true]},"author_info":{"display_name":"Editor","author_link":"https:\/\/radioparquecde.com\/index.php\/author\/editor\/"},"category_info":"<a href=\"https:\/\/radioparquecde.com\/index.php\/category\/alto-parana\/\" rel=\"category tag\">ALTO PARAN\u00c1<\/a> <a href=\"https:\/\/radioparquecde.com\/index.php\/category\/noticias\/destacadas\/\" rel=\"category tag\">Destacadas<\/a>","tag_info":"Destacadas","comment_count":"0","_links":{"self":[{"href":"https:\/\/radioparquecde.com\/index.php\/wp-json\/wp\/v2\/posts\/9650","targetHints":{"allow":["GET"]}}],"collection":[{"href":"https:\/\/radioparquecde.com\/index.php\/wp-json\/wp\/v2\/posts"}],"about":[{"href":"https:\/\/radioparquecde.com\/index.php\/wp-json\/wp\/v2\/types\/post"}],"author":[{"embeddable":true,"href":"https:\/\/radioparquecde.com\/index.php\/wp-json\/wp\/v2\/users\/3"}],"replies":[{"embeddable":true,"href":"https:\/\/radioparquecde.com\/index.php\/wp-json\/wp\/v2\/comments?post=9650"}],"version-history":[{"count":1,"href":"https:\/\/radioparquecde.com\/index.php\/wp-json\/wp\/v2\/posts\/9650\/revisions"}],"predecessor-version":[{"id":9654,"href":"https:\/\/radioparquecde.com\/index.php\/wp-json\/wp\/v2\/posts\/9650\/revisions\/9654"}],"wp:featuredmedia":[{"embeddable":true,"href":"https:\/\/radioparquecde.com\/index.php\/wp-json\/wp\/v2\/media\/9653"}],"wp:attachment":[{"href":"https:\/\/radioparquecde.com\/index.php\/wp-json\/wp\/v2\/media?parent=9650"}],"wp:term":[{"taxonomy":"category","embeddable":true,"href":"https:\/\/radioparquecde.com\/index.php\/wp-json\/wp\/v2\/categories?post=9650"},{"taxonomy":"post_tag","embeddable":true,"href":"https:\/\/radioparquecde.com\/index.php\/wp-json\/wp\/v2\/tags?post=9650"}],"curies":[{"name":"wp","href":"https:\/\/api.w.org\/{rel}","templated":true}]}}