{"id":973,"date":"2022-04-20T07:38:23","date_gmt":"2022-04-20T11:38:23","guid":{"rendered":"https:\/\/radioparquecde.com\/?p=973"},"modified":"2022-04-20T07:38:24","modified_gmt":"2022-04-20T11:38:24","slug":"hugo-javier-seguira-con-arresto-y-ya-comunico-su-ausencia-a-la-junta","status":"publish","type":"post","link":"https:\/\/radioparquecde.com\/index.php\/2022\/04\/20\/hugo-javier-seguira-con-arresto-y-ya-comunico-su-ausencia-a-la-junta\/","title":{"rendered":"Hugo Javier seguir\u00e1 con arresto y ya\u00a0 comunic\u00f3 su ausencia a la Junta"},"content":{"rendered":"\n<p>La magistrada de Delitos Econ\u00f3micos, Mar\u00eda Elena Ca\u00f1ete, rechaz\u00f3 su pedido de asistir a la Gobernaci\u00f3n. Ante esto, comunic\u00f3 su\u00a0 ausencia\u00a0 a la Junta Departamental hasta el 5 de mayo.<\/p>\n\n\n\n<p>El gobernador de Central, Hugo Javier Gonz\u00e1lez, tuvo otro rev\u00e9s judicial, ya que la jueza de Delitos Econ\u00f3micos le neg\u00f3 el permiso para asistir a la Gobernaci\u00f3n, por lo que seguir\u00e1 con arresto domiciliario. Ante esto, solicit\u00f3 un permiso a la Junta Departamental.<\/p>\n\n\n\n<p>La magistrada Mar\u00eda Elena Ca\u00f1ete no hizo lugar a la solicitud de la defensa del gobernador de darle permiso para asistir a la sede de la instituci\u00f3n de modo a seguir en el cargo. Fue tras la audiencia de revisi\u00f3n de medidas que realiz\u00f3 en la ma\u00f1ana de ayer.<\/p>\n\n\n\n<p>En su resoluci\u00f3n, la magistrada se\u00f1al\u00f3 que el 12 de abril pasado la defensa del encausado solicit\u00f3 el cambio de domicilio para que resida en una vivienda de la Urbanizaci\u00f3n Costa Lago Ruta Ypacara\u00ed-Aregu\u00e1, de modo que pueda seguir ejerciendo el cargo de gobernador.<\/p>\n\n\n\n<p>La magistrada acept\u00f3 el cambio de domicilio. Despu\u00e9s, la defensa solicit\u00f3 tambi\u00e9n el permiso correspondiente para poder asistir a la instituci\u00f3n, de modo a seguir cumpliendo sus funciones constitucionales como gobernador de Central. El permiso solicitado es de 7:00 a 15:00 horas, con una tolerancia de 15 minutos.<\/p>\n\n\n\n<p>Por su parte, el fiscal Francisco Cabrera aleg\u00f3 que las medidas que ten\u00eda el procesado no eran ilegales y que se encontraban sustentadas en la ley.<\/p>\n\n\n\n<p>Al analizar el pedido, la jueza Ca\u00f1ete entendi\u00f3 que no variaron las condiciones en las cuales se dict\u00f3 la medida cautelar, por lo que correspond\u00eda el rechazo de la pretensi\u00f3n de la defensa.<\/p>\n\n\n\n<p>El abogado Andr\u00e9s Casati, uno de los que ejercen la defensa, sostuvo que fue una decisi\u00f3n pol\u00edtica debido a que la resoluci\u00f3n pr\u00e1cticamente destituye a su cliente como gobernador.<\/p>\n\n\n\n<p>El abogado aleg\u00f3 que no existe peligro de fuga ni de obstrucci\u00f3n de la investigaci\u00f3n, por lo que correspond\u00eda que se revocara la medida. Ahora estudia los argumentos para presentar la apelaci\u00f3n correspondiente.<\/p>\n\n\n\n<figure class=\"wp-block-image size-full\"><img loading=\"lazy\" decoding=\"async\" width=\"900\" height=\"601\" src=\"https:\/\/radioparquecde.com\/wp-content\/uploads\/2022\/04\/H7ZBHYEI5NH6PBAOKTINKL7VII.jpg\" alt=\"\" class=\"wp-image-975\" srcset=\"https:\/\/radioparquecde.com\/wp-content\/uploads\/2022\/04\/H7ZBHYEI5NH6PBAOKTINKL7VII.jpg 900w, https:\/\/radioparquecde.com\/wp-content\/uploads\/2022\/04\/H7ZBHYEI5NH6PBAOKTINKL7VII-300x200.jpg 300w, https:\/\/radioparquecde.com\/wp-content\/uploads\/2022\/04\/H7ZBHYEI5NH6PBAOKTINKL7VII-768x513.jpg 768w\" sizes=\"auto, (max-width: 900px) 100vw, 900px\" \/><\/figure>\n\n\n\n<p><\/p>\n","protected":false},"excerpt":{"rendered":"<p>La magistrada de Delitos Econ\u00f3micos, Mar\u00eda Elena Ca\u00f1ete, rechaz\u00f3 su pedido de asistir a la&#8230;<\/p>\n","protected":false},"author":3,"featured_media":976,"comment_status":"closed","ping_status":"closed","sticky":false,"template":"","format":"standard","meta":{"footnotes":""},"categories":[6,11],"tags":[],"class_list":["post-973","post","type-post","status-publish","format-standard","has-post-thumbnail","hentry","category-noticias","category-politica"],"featured_image_urls":{"full":["https:\/\/radioparquecde.com\/wp-content\/uploads\/2022\/04\/H7ZBHYEI5NH6PBAOKTINKL7VII-1.jpg",900,601,false],"thumbnail":["https:\/\/radioparquecde.com\/wp-content\/uploads\/2022\/04\/H7ZBHYEI5NH6PBAOKTINKL7VII-1-150x150.jpg",150,150,true],"medium":["https:\/\/radioparquecde.com\/wp-content\/uploads\/2022\/04\/H7ZBHYEI5NH6PBAOKTINKL7VII-1-300x200.jpg",300,200,true],"medium_large":["https:\/\/radioparquecde.com\/wp-content\/uploads\/2022\/04\/H7ZBHYEI5NH6PBAOKTINKL7VII-1-768x513.jpg",640,428,true],"large":["https:\/\/radioparquecde.com\/wp-content\/uploads\/2022\/04\/H7ZBHYEI5NH6PBAOKTINKL7VII-1.jpg",640,427,false],"1536x1536":["https:\/\/radioparquecde.com\/wp-content\/uploads\/2022\/04\/H7ZBHYEI5NH6PBAOKTINKL7VII-1.jpg",900,601,false],"2048x2048":["https:\/\/radioparquecde.com\/wp-content\/uploads\/2022\/04\/H7ZBHYEI5NH6PBAOKTINKL7VII-1.jpg",900,601,false],"newsphere-slider-full":["https:\/\/radioparquecde.com\/wp-content\/uploads\/2022\/04\/H7ZBHYEI5NH6PBAOKTINKL7VII-1.jpg",900,601,false],"newsphere-featured":["https:\/\/radioparquecde.com\/wp-content\/uploads\/2022\/04\/H7ZBHYEI5NH6PBAOKTINKL7VII-1.jpg",900,601,false],"newsphere-medium":["https:\/\/radioparquecde.com\/wp-content\/uploads\/2022\/04\/H7ZBHYEI5NH6PBAOKTINKL7VII-1-720x380.jpg",720,380,true]},"author_info":{"display_name":"Editor","author_link":"https:\/\/radioparquecde.com\/index.php\/author\/editor\/"},"category_info":"<a href=\"https:\/\/radioparquecde.com\/index.php\/category\/noticias\/\" rel=\"category tag\">Noticias<\/a> <a href=\"https:\/\/radioparquecde.com\/index.php\/category\/noticias\/politica\/\" rel=\"category tag\">Pol\u00edtica<\/a>","tag_info":"Pol\u00edtica","comment_count":"0","_links":{"self":[{"href":"https:\/\/radioparquecde.com\/index.php\/wp-json\/wp\/v2\/posts\/973","targetHints":{"allow":["GET"]}}],"collection":[{"href":"https:\/\/radioparquecde.com\/index.php\/wp-json\/wp\/v2\/posts"}],"about":[{"href":"https:\/\/radioparquecde.com\/index.php\/wp-json\/wp\/v2\/types\/post"}],"author":[{"embeddable":true,"href":"https:\/\/radioparquecde.com\/index.php\/wp-json\/wp\/v2\/users\/3"}],"replies":[{"embeddable":true,"href":"https:\/\/radioparquecde.com\/index.php\/wp-json\/wp\/v2\/comments?post=973"}],"version-history":[{"count":1,"href":"https:\/\/radioparquecde.com\/index.php\/wp-json\/wp\/v2\/posts\/973\/revisions"}],"predecessor-version":[{"id":977,"href":"https:\/\/radioparquecde.com\/index.php\/wp-json\/wp\/v2\/posts\/973\/revisions\/977"}],"wp:featuredmedia":[{"embeddable":true,"href":"https:\/\/radioparquecde.com\/index.php\/wp-json\/wp\/v2\/media\/976"}],"wp:attachment":[{"href":"https:\/\/radioparquecde.com\/index.php\/wp-json\/wp\/v2\/media?parent=973"}],"wp:term":[{"taxonomy":"category","embeddable":true,"href":"https:\/\/radioparquecde.com\/index.php\/wp-json\/wp\/v2\/categories?post=973"},{"taxonomy":"post_tag","embeddable":true,"href":"https:\/\/radioparquecde.com\/index.php\/wp-json\/wp\/v2\/tags?post=973"}],"curies":[{"name":"wp","href":"https:\/\/api.w.org\/{rel}","templated":true}]}}